{"id":14487,"date":"2025-08-12T18:35:24","date_gmt":"2025-08-12T15:35:24","guid":{"rendered":"https:\/\/www.pernova.ee\/huvikool\/?p=14487"},"modified":"2025-09-20T18:54:04","modified_gmt":"2025-09-20T15:54:04","slug":"mudellendurite-tiitlivoistlused-rumeenias","status":"publish","type":"post","link":"https:\/\/www.pernova.ee\/huvikool\/mudellendurite-tiitlivoistlused-rumeenias\/","title":{"rendered":"Mudellendurite tiitliv\u00f5istlused Rumeenias"},"content":{"rendered":"<h4>Eesti mudellendurid tiitliv\u00f5istlustel silmapaistval tasemel!<\/h4>\n<p>20.\u201327. juulil 2025 toimusid Rumeenias Salontas Euroopa juunioride<br \/>\nmeistriv\u00f5istlused, mis on k\u00f5rgeima taseme tiitliv\u00f5istlused noorte<br \/>\nmudellennusportlastele. Eestit esindas noortekoondise koosseisus ka<br \/>\nRihhard Auv\u00e4\u00e4rt, kes osales F1A klassis (plaanerid) ja saavutas<br \/>\nindividuaalselt 41. koha 49 osaleja seas.<\/p>\n<p>Eesti F1A noorte v\u00f5istkond saavutas v\u00f5istkondlikult 7. koha 17 riigi<br \/>\nseas. K\u00f5ikide mudeliklasside \u00fcldarvestuses tuli Eesti noortekoondis<br \/>\nk\u00f5rgele 2. kohale. Konkurents oli v\u00e4ga tihe \u2013 tiitliv\u00f5istlustel<br \/>\nv\u00f5istlevad iga riigi parimad sportlased ning tulemuste vahed on<br \/>\nv\u00e4ikesed, mist\u00f5ttu loeb iga lennu t\u00e4psus. Rihhardi panus koondise<br \/>\nedusse oli m\u00e4rkimisv\u00e4\u00e4rne ning saadud kogemus aitab tal edaspidi<br \/>\nveelgi tugevamalt esineda.<\/p>\n<p>V\u00f5istlustingimused olid Eesti koondise jaoks keerulised: p\u00e4evased<br \/>\ntemperatuurid ulatusid 36\u201342 kraadini. V\u00f5istluspaik Salonta on v\u00e4ike<br \/>\nlinn, kus puuduvad majutusv\u00f5imalused, mist\u00f5ttu tuli \u00f6\u00f6bida 40<br \/>\nkilomeetri kaugusel. Et \u00f5igeks ajaks platsile j\u00f5uda, alustati s\u00f5itu<br \/>\nigal hommikul juba kell kuus.<\/p>\n<p>Samal ajal peeti Salontas erandkorras ka t\u00e4iskasvanute<br \/>\nmaailmameistriv\u00f5istlused mudellennunduses. Ants Selgoja esindas Eestit<br \/>\nF1B klassis (kummimootoriga mudellennukid), saavutades 27. koha 99<br \/>\nosaleja seas. Eesti F1B koondis l\u00f5petas 5. kohal 35 riigi seas \u2013 see<br \/>\non l\u00e4bi aegade parim v\u00f5istkondlik tulemus Eesti jaoks selles klassis<br \/>\nmaailma meistriv\u00f5istlustel.<\/p>\n<div id='gallery-1' class='gallery galleryid-14487 gallery-columns-2 gallery-size-full'><figure class='gallery-item'>\n\t\t\t<div class='gallery-icon landscape'>\n\t\t\t\t<a href='https:\/\/www.pernova.ee\/huvikool\/wp-content\/uploads\/2025\/09\/Rumeenia-2025_01.jpg'><img fetchpriority=\"high\" decoding=\"async\" width=\"1920\" height=\"933\" src=\"https:\/\/www.pernova.ee\/huvikool\/wp-content\/uploads\/2025\/09\/Rumeenia-2025_01.jpg\" class=\"attachment-full size-full\" alt=\"\" aria-describedby=\"gallery-1-14480\" srcset=\"https:\/\/www.pernova.ee\/huvikool\/wp-content\/uploads\/2025\/09\/Rumeenia-2025_01.jpg 1920w, https:\/\/www.pernova.ee\/huvikool\/wp-content\/uploads\/2025\/09\/Rumeenia-2025_01-1024x498.jpg 1024w, https:\/\/www.pernova.ee\/huvikool\/wp-content\/uploads\/2025\/09\/Rumeenia-2025_01-768x373.jpg 768w, https:\/\/www.pernova.ee\/huvikool\/wp-content\/uploads\/2025\/09\/Rumeenia-2025_01-1536x746.jpg 1536w\" sizes=\"(max-width: 1920px) 100vw, 1920px\" \/><\/a>\n\t\t\t<\/div>\n\t\t\t\t<figcaption class='wp-caption-text gallery-caption' id='gallery-1-14480'>\n\t\t\t\tRihhard  mudelite tehnilises komisjonis mudelit ette n\u00e4itamas\n\t\t\t\t<\/figcaption><\/figure><figure class='gallery-item'>\n\t\t\t<div class='gallery-icon landscape'>\n\t\t\t\t<a href='https:\/\/www.pernova.ee\/huvikool\/wp-content\/uploads\/2025\/09\/Rumeenia-2025_02.jpg'><img decoding=\"async\" width=\"1920\" height=\"933\" src=\"https:\/\/www.pernova.ee\/huvikool\/wp-content\/uploads\/2025\/09\/Rumeenia-2025_02.jpg\" class=\"attachment-full size-full\" alt=\"\" aria-describedby=\"gallery-1-14481\" srcset=\"https:\/\/www.pernova.ee\/huvikool\/wp-content\/uploads\/2025\/09\/Rumeenia-2025_02.jpg 1920w, https:\/\/www.pernova.ee\/huvikool\/wp-content\/uploads\/2025\/09\/Rumeenia-2025_02-1024x498.jpg 1024w, https:\/\/www.pernova.ee\/huvikool\/wp-content\/uploads\/2025\/09\/Rumeenia-2025_02-768x373.jpg 768w, https:\/\/www.pernova.ee\/huvikool\/wp-content\/uploads\/2025\/09\/Rumeenia-2025_02-1536x746.jpg 1536w\" sizes=\"(max-width: 1920px) 100vw, 1920px\" \/><\/a>\n\t\t\t<\/div>\n\t\t\t\t<figcaption class='wp-caption-text gallery-caption' id='gallery-1-14481'>\n\t\t\t\tRihhardil oli v\u00f5imalus Eesti lippu avamisel kanda\n\t\t\t\t<\/figcaption><\/figure><figure class='gallery-item'>\n\t\t\t<div class='gallery-icon landscape'>\n\t\t\t\t<a href='https:\/\/www.pernova.ee\/huvikool\/wp-content\/uploads\/2025\/09\/Rumeenia-2025_03.jpg'><img decoding=\"async\" width=\"1920\" height=\"933\" src=\"https:\/\/www.pernova.ee\/huvikool\/wp-content\/uploads\/2025\/09\/Rumeenia-2025_03.jpg\" class=\"attachment-full size-full\" alt=\"\" aria-describedby=\"gallery-1-14482\" srcset=\"https:\/\/www.pernova.ee\/huvikool\/wp-content\/uploads\/2025\/09\/Rumeenia-2025_03.jpg 1920w, https:\/\/www.pernova.ee\/huvikool\/wp-content\/uploads\/2025\/09\/Rumeenia-2025_03-1024x498.jpg 1024w, https:\/\/www.pernova.ee\/huvikool\/wp-content\/uploads\/2025\/09\/Rumeenia-2025_03-768x373.jpg 768w, https:\/\/www.pernova.ee\/huvikool\/wp-content\/uploads\/2025\/09\/Rumeenia-2025_03-1536x746.jpg 1536w\" sizes=\"(max-width: 1920px) 100vw, 1920px\" \/><\/a>\n\t\t\t<\/div>\n\t\t\t\t<figcaption class='wp-caption-text gallery-caption' id='gallery-1-14482'>\n\t\t\t\tAnts Selgoja v\u00f5istluse ajal oma mudeliga F1B(kummimootor)\n\t\t\t\t<\/figcaption><\/figure><figure class='gallery-item'>\n\t\t\t<div class='gallery-icon landscape'>\n\t\t\t\t<a href='https:\/\/www.pernova.ee\/huvikool\/wp-content\/uploads\/2025\/09\/Rumeenia-2025_04.jpg'><img loading=\"lazy\" decoding=\"async\" width=\"1920\" height=\"933\" src=\"https:\/\/www.pernova.ee\/huvikool\/wp-content\/uploads\/2025\/09\/Rumeenia-2025_04.jpg\" class=\"attachment-full size-full\" alt=\"\" aria-describedby=\"gallery-1-14483\" srcset=\"https:\/\/www.pernova.ee\/huvikool\/wp-content\/uploads\/2025\/09\/Rumeenia-2025_04.jpg 1920w, https:\/\/www.pernova.ee\/huvikool\/wp-content\/uploads\/2025\/09\/Rumeenia-2025_04-1024x498.jpg 1024w, https:\/\/www.pernova.ee\/huvikool\/wp-content\/uploads\/2025\/09\/Rumeenia-2025_04-768x373.jpg 768w, https:\/\/www.pernova.ee\/huvikool\/wp-content\/uploads\/2025\/09\/Rumeenia-2025_04-1536x746.jpg 1536w\" sizes=\"(max-width: 1920px) 100vw, 1920px\" \/><\/a>\n\t\t\t<\/div>\n\t\t\t\t<figcaption class='wp-caption-text gallery-caption' id='gallery-1-14483'>\n\t\t\t\tAnts Selgoja peale edukat v\u00f5istluste l\u00f5ppu\n\t\t\t\t<\/figcaption><\/figure><figure class='gallery-item'>\n\t\t\t<div class='gallery-icon landscape'>\n\t\t\t\t<a href='https:\/\/www.pernova.ee\/huvikool\/wp-content\/uploads\/2025\/09\/Rumeenia-2025_06.jpg'><img loading=\"lazy\" decoding=\"async\" width=\"1920\" height=\"933\" src=\"https:\/\/www.pernova.ee\/huvikool\/wp-content\/uploads\/2025\/09\/Rumeenia-2025_06.jpg\" class=\"attachment-full size-full\" alt=\"\" aria-describedby=\"gallery-1-14485\" srcset=\"https:\/\/www.pernova.ee\/huvikool\/wp-content\/uploads\/2025\/09\/Rumeenia-2025_06.jpg 1920w, https:\/\/www.pernova.ee\/huvikool\/wp-content\/uploads\/2025\/09\/Rumeenia-2025_06-1024x498.jpg 1024w, https:\/\/www.pernova.ee\/huvikool\/wp-content\/uploads\/2025\/09\/Rumeenia-2025_06-768x373.jpg 768w, https:\/\/www.pernova.ee\/huvikool\/wp-content\/uploads\/2025\/09\/Rumeenia-2025_06-1536x746.jpg 1536w\" sizes=\"(max-width: 1920px) 100vw, 1920px\" \/><\/a>\n\t\t\t<\/div>\n\t\t\t\t<figcaption class='wp-caption-text gallery-caption' id='gallery-1-14485'>\n\t\t\t\tPeale v\u00f5istlusi  Rihhard  ja Ants\n\t\t\t\t<\/figcaption><\/figure><figure class='gallery-item'>\n\t\t\t<div class='gallery-icon landscape'>\n\t\t\t\t<a href='https:\/\/www.pernova.ee\/huvikool\/wp-content\/uploads\/2025\/09\/Rumeenia-2025_07.jpg'><img loading=\"lazy\" decoding=\"async\" width=\"1920\" height=\"933\" src=\"https:\/\/www.pernova.ee\/huvikool\/wp-content\/uploads\/2025\/09\/Rumeenia-2025_07.jpg\" class=\"attachment-full size-full\" alt=\"\" aria-describedby=\"gallery-1-14486\" srcset=\"https:\/\/www.pernova.ee\/huvikool\/wp-content\/uploads\/2025\/09\/Rumeenia-2025_07.jpg 1920w, https:\/\/www.pernova.ee\/huvikool\/wp-content\/uploads\/2025\/09\/Rumeenia-2025_07-1024x498.jpg 1024w, https:\/\/www.pernova.ee\/huvikool\/wp-content\/uploads\/2025\/09\/Rumeenia-2025_07-768x373.jpg 768w, https:\/\/www.pernova.ee\/huvikool\/wp-content\/uploads\/2025\/09\/Rumeenia-2025_07-1536x746.jpg 1536w\" sizes=\"(max-width: 1920px) 100vw, 1920px\" \/><\/a>\n\t\t\t<\/div>\n\t\t\t\t<figcaption class='wp-caption-text gallery-caption' id='gallery-1-14486'>\n\t\t\t\tEesti noortekoondis vasakult Oskar Leomar ,Rihhard Auv\u00e4\u00e4rt, Mirtel Moistus\n\t\t\t\t<\/figcaption><\/figure>\n\t\t<\/div>\n\n","protected":false},"excerpt":{"rendered":"<p>Eesti mudellendurid tiitliv\u00f5istlustel silmapaistval tasemel! 20.\u201327. juulil 2025 toimusid Rumeenias Salontas Euroopa juunioride meistriv\u00f5istlused, mis on k\u00f5rgeima taseme tiitliv\u00f5istlused noorte mudellennusportlastele. Eestit esindas noortekoondise koosseisus ka Rihhard Auv\u00e4\u00e4rt, kes osales F1A klassis (plaanerid) ja saavutas individuaalselt 41. koha 49 osaleja seas. Eesti F1A noorte v\u00f5istkond saavutas v\u00f5istkondlikult 7. koha 17 riigi seas. K\u00f5ikide mudeliklasside \u00fcldarvestuses [&hellip;]<\/p>\n","protected":false},"author":1,"featured_media":14489,"comment_status":"open","ping_status":"open","sticky":false,"template":"","format":"standard","meta":{"_acf_changed":false,"_exactmetrics_skip_tracking":false,"_exactmetrics_sitenote_active":false,"_exactmetrics_sitenote_note":"","_exactmetrics_sitenote_category":0,"ngg_post_thumbnail":0,"footnotes":""},"categories":[1],"tags":[],"class_list":["post-14487","post","type-post","status-publish","format-standard","has-post-thumbnail","hentry","category-uncategorized"],"acf":false,"_links":{"self":[{"href":"https:\/\/www.pernova.ee\/huvikool\/wp-json\/wp\/v2\/posts\/14487","targetHints":{"allow":["GET"]}}],"collection":[{"href":"https:\/\/www.pernova.ee\/huvikool\/wp-json\/wp\/v2\/posts"}],"about":[{"href":"https:\/\/www.pernova.ee\/huvikool\/wp-json\/wp\/v2\/types\/post"}],"author":[{"embeddable":true,"href":"https:\/\/www.pernova.ee\/huvikool\/wp-json\/wp\/v2\/users\/1"}],"replies":[{"embeddable":true,"href":"https:\/\/www.pernova.ee\/huvikool\/wp-json\/wp\/v2\/comments?post=14487"}],"version-history":[{"count":1,"href":"https:\/\/www.pernova.ee\/huvikool\/wp-json\/wp\/v2\/posts\/14487\/revisions"}],"predecessor-version":[{"id":14488,"href":"https:\/\/www.pernova.ee\/huvikool\/wp-json\/wp\/v2\/posts\/14487\/revisions\/14488"}],"wp:featuredmedia":[{"embeddable":true,"href":"https:\/\/www.pernova.ee\/huvikool\/wp-json\/wp\/v2\/media\/14489"}],"wp:attachment":[{"href":"https:\/\/www.pernova.ee\/huvikool\/wp-json\/wp\/v2\/media?parent=14487"}],"wp:term":[{"taxonomy":"category","embeddable":true,"href":"https:\/\/www.pernova.ee\/huvikool\/wp-json\/wp\/v2\/categories?post=14487"},{"taxonomy":"post_tag","embeddable":true,"href":"https:\/\/www.pernova.ee\/huvikool\/wp-json\/wp\/v2\/tags?post=14487"}],"curies":[{"name":"wp","href":"https:\/\/api.w.org\/{rel}","templated":true}]}}