{"id":6843,"date":"2019-04-14T22:51:48","date_gmt":"2019-04-14T20:51:48","guid":{"rendered":"http:\/\/www.pernova.ee\/huvi\/?p=6843"},"modified":"2019-09-19T12:25:11","modified_gmt":"2019-09-19T10:25:11","slug":"saatesari-ring-fm-s","status":"publish","type":"post","link":"https:\/\/www.pernova.ee\/huvikool\/saatesari-ring-fm-s\/","title":{"rendered":"Saatesari Ring FM-s"},"content":{"rendered":"<h4><span lang=\"ET\">Saatesari L\u00e4\u00e4nemerest &#8220;Meie meri&#8221;<\/span><\/h4>\n<p>&nbsp;<br \/>\n<img decoding=\"async\" class=\"aligncenter  wp-image-1626\" src=\"http:\/\/www.pernova.ee\/huvi\/wp-content\/uploads\/2017\/04\/kik_est_logo__2-300x42.png\" alt=\"pernova\" width=\"400\" height=\"56\"><\/p>\n<p>Saatesari on valminud koost\u00f6\u00f6s Keskkonna Investeeringute Keskusega projekti: Tevituskampaania &#8220;Hoia Merd&#8221; raames.<br \/>\n&nbsp;<\/p>\n<p style=\"background: white; margin: 4.5pt 0cm .0001pt 0cm;\">Laup\u00e4eval 13.04 kell 10.00-10.30 alustab Ring FM-is (93,9 MHz) 10 osaline saatesari L\u00e4\u00e4nemerest &#8220;Meie meri&#8221;.<br \/>\nSaatejuht on Georg Aher ja tema vestluspartneriks \u00f5pilane Magnus Philip Sullivan.<br \/>\nSaated on eetris:<\/p>\n<p style=\"background: white; margin: 4.5pt 0cm .0001pt 0cm;\">13.04, 27.04, 11.05, 25.05, 08.06, 22.06, 13.07, 27.07, 10.08, 24.08.2019<\/p>\n<p>&nbsp;<br \/>\n<strong>J\u00e4relkuulamine:<\/strong><\/p>\n<p>13.04 &#8211; L\u00e4\u00e4nemere s\u00fcnd <audio class=\"wp-audio-shortcode\" id=\"audio-6843-1\" preload=\"none\" style=\"width: 100%;\" controls=\"controls\"><source type=\"audio\/mpeg\" src=\"http:\/\/www.pernova.ee\/huvi\/wp-content\/uploads\/2019\/04\/Meie-Meri-01.mp3?_=1\" \/><a href=\"http:\/\/www.pernova.ee\/huvi\/wp-content\/uploads\/2019\/04\/Meie-Meri-01.mp3\">http:\/\/www.pernova.ee\/huvi\/wp-content\/uploads\/2019\/04\/Meie-Meri-01.mp3<\/a><\/audio><\/p>\n<p>27.04 &#8211; L\u00e4\u00e4nemere ja selle \u00fcmbruse elustiku kujunemine <audio class=\"wp-audio-shortcode\" id=\"audio-6843-2\" preload=\"none\" style=\"width: 100%;\" controls=\"controls\"><source type=\"audio\/mpeg\" src=\"http:\/\/www.pernova.ee\/huvi\/wp-content\/uploads\/2019\/04\/Meie-Meri-02.mp3?_=2\" \/><a href=\"http:\/\/www.pernova.ee\/huvi\/wp-content\/uploads\/2019\/04\/Meie-Meri-02.mp3\">http:\/\/www.pernova.ee\/huvi\/wp-content\/uploads\/2019\/04\/Meie-Meri-02.mp3<\/a><\/audio><\/p>\n<p>11.05 &#8211; Taimed L\u00e4\u00e4nemeres ja nende m\u00f5ju muule elustikule <audio class=\"wp-audio-shortcode\" id=\"audio-6843-3\" preload=\"none\" style=\"width: 100%;\" controls=\"controls\"><source type=\"audio\/mpeg\" src=\"http:\/\/www.pernova.ee\/huvi\/wp-content\/uploads\/2019\/05\/Meie-Meri-03.mp3?_=3\" \/><a href=\"http:\/\/www.pernova.ee\/huvi\/wp-content\/uploads\/2019\/05\/Meie-Meri-03.mp3\">http:\/\/www.pernova.ee\/huvi\/wp-content\/uploads\/2019\/05\/Meie-Meri-03.mp3<\/a><\/audio><\/p>\n<p>25.05 &#8211; L\u00e4\u00e4nemeres elavad selgrootud <audio class=\"wp-audio-shortcode\" id=\"audio-6843-4\" preload=\"none\" style=\"width: 100%;\" controls=\"controls\"><source type=\"audio\/mpeg\" src=\"http:\/\/www.pernova.ee\/huvi\/wp-content\/uploads\/2019\/05\/Meie-Meri-04.mp3?_=4\" \/><a href=\"http:\/\/www.pernova.ee\/huvi\/wp-content\/uploads\/2019\/05\/Meie-Meri-04.mp3\">http:\/\/www.pernova.ee\/huvi\/wp-content\/uploads\/2019\/05\/Meie-Meri-04.mp3<\/a><\/audio><\/p>\n<p>08.06 &#8211; L\u00e4\u00e4nemere kalad <audio class=\"wp-audio-shortcode\" id=\"audio-6843-5\" preload=\"none\" style=\"width: 100%;\" controls=\"controls\"><source type=\"audio\/mpeg\" src=\"http:\/\/www.pernova.ee\/huvi\/wp-content\/uploads\/2019\/06\/Meie-Meri-05-full.mp3?_=5\" \/><a href=\"http:\/\/www.pernova.ee\/huvi\/wp-content\/uploads\/2019\/06\/Meie-Meri-05-full.mp3\">http:\/\/www.pernova.ee\/huvi\/wp-content\/uploads\/2019\/06\/Meie-Meri-05-full.mp3<\/a><\/audio><\/p>\n<p>22.06 &#8211; L\u00e4\u00e4nemere \u00fcmbruses elavatest lindudest <audio class=\"wp-audio-shortcode\" id=\"audio-6843-6\" preload=\"none\" style=\"width: 100%;\" controls=\"controls\"><source type=\"audio\/mpeg\" src=\"http:\/\/www.pernova.ee\/huvi\/wp-content\/uploads\/2019\/06\/Meie-Meri-06-full.mp3?_=6\" \/><a href=\"http:\/\/www.pernova.ee\/huvi\/wp-content\/uploads\/2019\/06\/Meie-Meri-06-full.mp3\">http:\/\/www.pernova.ee\/huvi\/wp-content\/uploads\/2019\/06\/Meie-Meri-06-full.mp3<\/a><\/audio><\/p>\n<p>13.07 &#8211; L\u00e4\u00e4nemeres ja selle \u00fcmbruses elavad imetajad <audio class=\"wp-audio-shortcode\" id=\"audio-6843-7\" preload=\"none\" style=\"width: 100%;\" controls=\"controls\"><source type=\"audio\/mpeg\" src=\"http:\/\/www.pernova.ee\/huvi\/wp-content\/uploads\/2019\/06\/Meie-Meri-07-full.mp3?_=7\" \/><a href=\"http:\/\/www.pernova.ee\/huvi\/wp-content\/uploads\/2019\/06\/Meie-Meri-07-full.mp3\">http:\/\/www.pernova.ee\/huvi\/wp-content\/uploads\/2019\/06\/Meie-Meri-07-full.mp3<\/a><\/audio><\/p>\n<p>27.07 &#8211; Inimese toimetamised L\u00e4\u00e4nemerel ja kallastel <audio class=\"wp-audio-shortcode\" id=\"audio-6843-8\" preload=\"none\" style=\"width: 100%;\" controls=\"controls\"><source type=\"audio\/mpeg\" src=\"http:\/\/www.pernova.ee\/huvi\/wp-content\/uploads\/2019\/06\/Meie-Meri-08-full.mp3?_=8\" \/><a href=\"http:\/\/www.pernova.ee\/huvi\/wp-content\/uploads\/2019\/06\/Meie-Meri-08-full.mp3\">http:\/\/www.pernova.ee\/huvi\/wp-content\/uploads\/2019\/06\/Meie-Meri-08-full.mp3<\/a><\/audio><\/p>\n<p>10.08 &#8211; L\u00e4\u00e4nemere kaitsmisest <audio class=\"wp-audio-shortcode\" id=\"audio-6843-9\" preload=\"none\" style=\"width: 100%;\" controls=\"controls\"><source type=\"audio\/mpeg\" src=\"http:\/\/www.pernova.ee\/huvi\/wp-content\/uploads\/2019\/08\/Meie-Meri-09.mp3?_=9\" \/><a href=\"http:\/\/www.pernova.ee\/huvi\/wp-content\/uploads\/2019\/08\/Meie-Meri-09.mp3\">http:\/\/www.pernova.ee\/huvi\/wp-content\/uploads\/2019\/08\/Meie-Meri-09.mp3<\/a><\/audio><\/p>\n<p>24.08 &#8211; L\u00e4\u00e4nemere tulevikust <audio class=\"wp-audio-shortcode\" id=\"audio-6843-10\" preload=\"none\" style=\"width: 100%;\" controls=\"controls\"><source type=\"audio\/mpeg\" src=\"http:\/\/www.pernova.ee\/huvi\/wp-content\/uploads\/2019\/08\/Meie-Meri-10.mp3?_=10\" \/><a href=\"http:\/\/www.pernova.ee\/huvi\/wp-content\/uploads\/2019\/08\/Meie-Meri-10.mp3\">http:\/\/www.pernova.ee\/huvi\/wp-content\/uploads\/2019\/08\/Meie-Meri-10.mp3<\/a><\/audio><\/p>\n<p style=\"background: white; margin: 4.5pt 0cm .0001pt 0cm;\"><span style=\"font-size: 10.5pt; font-family: 'Helvetica',sans-serif; color: #1d2129;\" lang=\"ET\"><br \/>\n<strong>Head kuulamist!<\/strong><\/span><\/p>\n<p>&nbsp;<\/p>\n","protected":false},"excerpt":{"rendered":"<p>Saatesari L\u00e4\u00e4nemerest &#8220;Meie meri&#8221; &nbsp; Saatesari on valminud koost\u00f6\u00f6s Keskkonna Investeeringute Keskusega projekti: Tevituskampaania &#8220;Hoia Merd&#8221; raames. &nbsp; Laup\u00e4eval 13.04 kell 10.00-10.30 alustab Ring FM-is (93,9 MHz) 10 osaline saatesari L\u00e4\u00e4nemerest &#8220;Meie meri&#8221;. Saatejuht on Georg Aher ja tema vestluspartneriks \u00f5pilane Magnus Philip Sullivan. Saated on eetris: 13.04, 27.04, 11.05, 25.05, 08.06, 22.06, 13.07, 27.07, [&hellip;]<\/p>\n","protected":false},"author":1,"featured_media":6844,"comment_status":"open","ping_status":"open","sticky":false,"template":"","format":"standard","meta":{"_acf_changed":false,"_exactmetrics_skip_tracking":false,"_exactmetrics_sitenote_active":false,"_exactmetrics_sitenote_note":"","_exactmetrics_sitenote_category":0,"ngg_post_thumbnail":0,"footnotes":""},"categories":[1],"tags":[],"class_list":["post-6843","post","type-post","status-publish","format-standard","has-post-thumbnail","hentry","category-uncategorized"],"acf":false,"_links":{"self":[{"href":"https:\/\/www.pernova.ee\/huvikool\/wp-json\/wp\/v2\/posts\/6843","targetHints":{"allow":["GET"]}}],"collection":[{"href":"https:\/\/www.pernova.ee\/huvikool\/wp-json\/wp\/v2\/posts"}],"about":[{"href":"https:\/\/www.pernova.ee\/huvikool\/wp-json\/wp\/v2\/types\/post"}],"author":[{"embeddable":true,"href":"https:\/\/www.pernova.ee\/huvikool\/wp-json\/wp\/v2\/users\/1"}],"replies":[{"embeddable":true,"href":"https:\/\/www.pernova.ee\/huvikool\/wp-json\/wp\/v2\/comments?post=6843"}],"version-history":[{"count":25,"href":"https:\/\/www.pernova.ee\/huvikool\/wp-json\/wp\/v2\/posts\/6843\/revisions"}],"predecessor-version":[{"id":7816,"href":"https:\/\/www.pernova.ee\/huvikool\/wp-json\/wp\/v2\/posts\/6843\/revisions\/7816"}],"wp:featuredmedia":[{"embeddable":true,"href":"https:\/\/www.pernova.ee\/huvikool\/wp-json\/wp\/v2\/media\/6844"}],"wp:attachment":[{"href":"https:\/\/www.pernova.ee\/huvikool\/wp-json\/wp\/v2\/media?parent=6843"}],"wp:term":[{"taxonomy":"category","embeddable":true,"href":"https:\/\/www.pernova.ee\/huvikool\/wp-json\/wp\/v2\/categories?post=6843"},{"taxonomy":"post_tag","embeddable":true,"href":"https:\/\/www.pernova.ee\/huvikool\/wp-json\/wp\/v2\/tags?post=6843"}],"curies":[{"name":"wp","href":"https:\/\/api.w.org\/{rel}","templated":true}]}}