{"id":7125,"date":"2019-06-04T19:00:22","date_gmt":"2019-06-04T17:00:22","guid":{"rendered":"http:\/\/www.pernova.ee\/huvi\/?p=7125"},"modified":"2019-06-05T14:45:14","modified_gmt":"2019-06-05T12:45:14","slug":"mereranna-aarded-naituse-avauritus-07-juunil-kell-18-00","status":"publish","type":"post","link":"https:\/\/www.pernova.ee\/huvikool\/mereranna-aarded-naituse-avauritus-07-juunil-kell-18-00\/","title":{"rendered":"&#8220;Mereranna aarded&#8221; n\u00e4ituse ava\u00fcritus 07. juunil kell 18.00"},"content":{"rendered":"<h4>&#8220;Mereranna aarded&#8221; n\u00e4ituse ava\u00fcritus. <strong>Musitseerivad Erko Niit ja Laura Junson.<\/strong><\/h4>\n<p>K\u00f5ikjal maailmas kannavad lained randa meres elavate tigude v\u00e4rvikaid kodasid. Need kojad sattusid lainete meelevalda p\u00e4rast loomade surma ja muutusid \u201eaardeks\u201c mererannas.<\/p>\n<p>Uue n\u00e4itusega t\u00e4histame loodusmaja 65. tegutsemisaastat P\u00e4rnus. N\u00e4ituse \u201eMereranna aarded\u201c avamis\u00fcrituse kuraator on n\u00e4ituse looja Milvi Talts. K\u00f5igil huvilistel on v\u00f5imalik osa saada ka kerakino filmiseansist \u201eAvastusretk korallidele\u201c.<br \/>\nErko Niit ja Laura Junson lisavad meeleolu akustilise muusikaga.<\/p>\n<p>N\u00e4itus \u201eMereranna aarded\u201c on m\u00f5eldud k\u00f5igile huvilistele, east s\u00f5ltumata.<br \/>\nKerakino seanside algusajad on 18.45 ja 19.30.<br \/>\nSeansi kellaaja valiku saab teha peale piletiostu sooritamist. E-kiri enda nime ja soovitud kellaajaga saata <a href=\"mailto:admin@pernova.ee\">admin@pernova.ee<\/a>.<\/p>\n<p>Kohtade arv on piiratud.<\/p>\n<p>Piletid on saadval Pernova Loodusmajas ja Piletilevis.<\/p>\n<p>Piletilevi link on <a href=\"https:\/\/store.piletilevi.ee\/public\/?concert=288186&amp;design=piletilevi&amp;lang=est&amp;center=7#view=ticketsselect\" target=\"_blank\" rel=\"noopener\"><strong>siin.<\/strong><\/a><\/p>\n","protected":false},"excerpt":{"rendered":"<p>&#8220;Mereranna aarded&#8221; n\u00e4ituse ava\u00fcritus. Musitseerivad Erko Niit ja Laura Junson. K\u00f5ikjal maailmas kannavad lained randa meres elavate tigude v\u00e4rvikaid kodasid. Need kojad sattusid lainete meelevalda p\u00e4rast loomade surma ja muutusid \u201eaardeks\u201c mererannas. Uue n\u00e4itusega t\u00e4histame loodusmaja 65. tegutsemisaastat P\u00e4rnus. N\u00e4ituse \u201eMereranna aarded\u201c avamis\u00fcrituse kuraator on n\u00e4ituse looja Milvi Talts. K\u00f5igil huvilistel on v\u00f5imalik osa saada [&hellip;]<\/p>\n","protected":false},"author":1,"featured_media":7132,"comment_status":"open","ping_status":"open","sticky":false,"template":"","format":"standard","meta":{"_acf_changed":false,"_exactmetrics_skip_tracking":false,"_exactmetrics_sitenote_active":false,"_exactmetrics_sitenote_note":"","_exactmetrics_sitenote_category":0,"ngg_post_thumbnail":0,"footnotes":""},"categories":[1],"tags":[],"class_list":["post-7125","post","type-post","status-publish","format-standard","has-post-thumbnail","hentry","category-uncategorized"],"acf":false,"_links":{"self":[{"href":"https:\/\/www.pernova.ee\/huvikool\/wp-json\/wp\/v2\/posts\/7125","targetHints":{"allow":["GET"]}}],"collection":[{"href":"https:\/\/www.pernova.ee\/huvikool\/wp-json\/wp\/v2\/posts"}],"about":[{"href":"https:\/\/www.pernova.ee\/huvikool\/wp-json\/wp\/v2\/types\/post"}],"author":[{"embeddable":true,"href":"https:\/\/www.pernova.ee\/huvikool\/wp-json\/wp\/v2\/users\/1"}],"replies":[{"embeddable":true,"href":"https:\/\/www.pernova.ee\/huvikool\/wp-json\/wp\/v2\/comments?post=7125"}],"version-history":[{"count":4,"href":"https:\/\/www.pernova.ee\/huvikool\/wp-json\/wp\/v2\/posts\/7125\/revisions"}],"predecessor-version":[{"id":7127,"href":"https:\/\/www.pernova.ee\/huvikool\/wp-json\/wp\/v2\/posts\/7125\/revisions\/7127"}],"wp:featuredmedia":[{"embeddable":true,"href":"https:\/\/www.pernova.ee\/huvikool\/wp-json\/wp\/v2\/media\/7132"}],"wp:attachment":[{"href":"https:\/\/www.pernova.ee\/huvikool\/wp-json\/wp\/v2\/media?parent=7125"}],"wp:term":[{"taxonomy":"category","embeddable":true,"href":"https:\/\/www.pernova.ee\/huvikool\/wp-json\/wp\/v2\/categories?post=7125"},{"taxonomy":"post_tag","embeddable":true,"href":"https:\/\/www.pernova.ee\/huvikool\/wp-json\/wp\/v2\/tags?post=7125"}],"curies":[{"name":"wp","href":"https:\/\/api.w.org\/{rel}","templated":true}]}}