{"id":12972,"date":"2024-12-03T20:35:23","date_gmt":"2024-12-03T18:35:23","guid":{"rendered":"https:\/\/www.pernova.ee\/loodusmaja\/?p=12972"},"modified":"2024-12-12T19:14:18","modified_gmt":"2024-12-12T17:14:18","slug":"talvevalguse-promenaad-8-12-2024-31-01-2025","status":"publish","type":"post","link":"https:\/\/www.pernova.ee\/loodusmaja\/uudised\/talvevalguse-promenaad-8-12-2024-31-01-2025\/","title":{"rendered":"Talvevalguse promenaad 8.12.2024 &#8211; 31.01.2025"},"content":{"rendered":"<div class=\"xdj266r x11i5rnm xat24cr x1mh8g0r x1vvkbs\">Sel aastal avaneb taas Loodusmaja v\u00f5lumaa v\u00e4rav ning k\u00fclastajaid ootab Talvevalguse promenaad!<br \/>\n\u00d5uel s\u00fcttib muinasjutuline valguspark imeliste loodusskulptuuridega, avastamist ootab j\u00f5uluh\u00f5nguline metsatukk.<\/div>\n<div class=\"x11i5rnm xat24cr x1mh8g0r x1vvkbs xtlvy1s\"><b>8. detsembril <\/b>kell 17:00 avame <span class=\"html-span xdj266r x11i5rnm xat24cr x1mh8g0r xexx8yu x4uap5 x18d9i69 xkhd6sd x1hl2dhg x16tdsg8 x1vvkbs\"><a class=\"x1i10hfl xjbqb8w x1ejq31n xd10rxx x1sy0etr x17r0tee x972fbf xcfux6l x1qhh985 xm0m39n x9f619 x1ypdohk xt0psk2 xe8uvvx xdj266r x11i5rnm xat24cr x1mh8g0r xexx8yu x4uap5 x18d9i69 xkhd6sd x16tdsg8 x1hl2dhg xggy1nq x1a2a7pz x1sur9pj xkrqix3 x1fey0fg x1s688f\" tabindex=\"0\" role=\"link\" href=\"https:\/\/www.facebook.com\/events\/1291457398531960\/?__cft__[0]=AZW9n_Mt8-96uDCm-KFKK1EljjBeblfDufjIwgf3iKPQdABukTYF7CVUtL0cjDue-LclpVwjMysvY0aMHsANwuvPmB-0dvkoUpNeXZIjyg3qnImksw_Q7GUQ4tWRlemqpYo4wN6jNGv00oJim2KtsP6s07sVCit-YgjN_kSEUdycyQ&amp;__tn__=-UK-R\"><span class=\"xt0psk2\">TALVEVALGUSE PROMENAAD<\/span><\/a><\/span>i kultuuriprogrammiga.<\/div>\n<div class=\"x11i5rnm xat24cr x1mh8g0r x1vvkbs xtlvy1s\">\u00d5htut juhib j\u00f5uluj\u00e4nes Wolfgang, pilli m\u00e4ngivad ja laulavad \u00d5tekse ning tantsu vihuvad Surju S\u00f5bratarid ja Tuuletallajad!<\/div>\n<div class=\"x11i5rnm xat24cr x1mh8g0r x1vvkbs xtlvy1s\">\n<div class=\"xdj266r x11i5rnm xat24cr x1mh8g0r x1vvkbs x126k92a\">\n<div dir=\"auto\">&nbsp;<\/div>\n<div dir=\"auto\">Avatud kohvik (tasuda saab nii kaardiga kui sulas).<\/div>\n<\/div>\n<div class=\"x11i5rnm xat24cr x1mh8g0r x1vvkbs xtlvy1s x126k92a\">\n<div dir=\"auto\">16.00 s\u00fcttivad tuled, saab lahendada hooviseiklust, avatud kohvik<\/div>\n<div dir=\"auto\">17.00 algab kultuuriprogramm<\/div>\n<\/div>\n<\/div>\n<div class=\"x11i5rnm xat24cr x1mh8g0r x1vvkbs xtlvy1s\">Toetab P\u00e4rnu linn.<\/div>\n<div>\n<p><b>14. ja 21. ja 28. detsembril kell 16:00 <\/b>toimuvad laste laup\u00e4evad.<\/p>\n<div class=\"xdj266r x11i5rnm xat24cr x1mh8g0r x1vvkbs x126k92a\">\n<div dir=\"auto\">Pernova \u00f5petajad ootavad lapsi Talvevalguse promenaadile, et \u00fchiselt midagi p\u00f5nevat ette v\u00f5tta! 14.12 avastatakse orava seiklusrada.<\/div>\n<\/div>\n<div class=\"x11i5rnm xat24cr x1mh8g0r x1vvkbs xtlvy1s x126k92a\">\n<div dir=\"auto\">Aega kulub u 1 tund.<\/div>\n<div dir=\"auto\">Tegevused on \u00f5ues.<\/div>\n<div dir=\"auto\">Tasuta.<\/div>\n<\/div>\n<\/div>\n<div class=\"x11i5rnm xat24cr x1mh8g0r x1vvkbs xtlvy1s\">&nbsp;<\/div>\n<div class=\"x11i5rnm xat24cr x1mh8g0r x1vvkbs xtlvy1s\">Valguspark j\u00e4\u00e4b avatuks 31. jaanuarini &#8211; iga p\u00e4ev kell 16:00-21:00!<br \/>\nValguspargi k\u00fclastus ja \u00fcritused on k\u00f5igile TASUTA!<\/div>\n","protected":false},"excerpt":{"rendered":"<p>Sel aastal avaneb taas Loodusmaja v\u00f5lumaa v\u00e4rav ning k\u00fclastajaid ootab Talvevalguse promenaad! \u00d5uel s\u00fcttib muinasjutuline valguspark imeliste loodusskulptuuridega, avastamist ootab j\u00f5uluh\u00f5nguline metsatukk. 8. detsembril kell 17:00 avame TALVEVALGUSE PROMENAADi kultuuriprogrammiga. [&hellip;]<\/p>\n","protected":false},"author":1,"featured_media":12964,"comment_status":"open","ping_status":"open","sticky":false,"template":"","format":"standard","meta":{"ngg_post_thumbnail":0,"footnotes":""},"categories":[1],"tags":[],"class_list":["post-12972","post","type-post","status-publish","format-standard","has-post-thumbnail","hentry","category-muu"],"yoast_head":"<!-- This site is optimized with the Yoast SEO plugin v26.6 - https:\/\/yoast.com\/wordpress\/plugins\/seo\/ -->\n<title>Talvevalguse promenaad 8.12.2024 - 31.01.2025 - Pernova Loodusmaja - kogupere k&uuml;lastuskeskus P&auml;rnus<\/title>\n<meta name=\"robots\" content=\"index, follow, max-snippet:-1, max-image-preview:large, max-video-preview:-1\" \/>\n<link rel=\"canonical\" href=\"https:\/\/www.pernova.ee\/loodusmaja\/uudised\/talvevalguse-promenaad-8-12-2024-31-01-2025\/\" \/>\n<meta property=\"og:locale\" content=\"et_EE\" \/>\n<meta property=\"og:type\" content=\"article\" \/>\n<meta property=\"og:title\" content=\"Talvevalguse promenaad 8.12.2024 - 31.01.2025 - Pernova Loodusmaja - kogupere k&uuml;lastuskeskus P&auml;rnus\" \/>\n<meta property=\"og:description\" content=\"Sel aastal avaneb taas Loodusmaja v\u00f5lumaa v\u00e4rav ning k\u00fclastajaid ootab Talvevalguse promenaad! \u00d5uel s\u00fcttib muinasjutuline valguspark imeliste loodusskulptuuridega, avastamist ootab j\u00f5uluh\u00f5nguline metsatukk. 8. detsembril kell 17:00 avame TALVEVALGUSE PROMENAADi kultuuriprogrammiga. [&hellip;]\" \/>\n<meta property=\"og:url\" content=\"https:\/\/www.pernova.ee\/loodusmaja\/uudised\/talvevalguse-promenaad-8-12-2024-31-01-2025\/\" \/>\n<meta property=\"og:site_name\" content=\"Pernova Loodusmaja - kogupere k&uuml;lastuskeskus P&auml;rnus\" \/>\n<meta property=\"article:published_time\" content=\"2024-12-03T18:35:23+00:00\" \/>\n<meta property=\"article:modified_time\" content=\"2024-12-12T17:14:18+00:00\" \/>\n<meta property=\"og:image\" content=\"https:\/\/www.pernova.ee\/loodusmaja\/wp-content\/uploads\/2024\/12\/promenaad_2024u.jpg\" \/>\n\t<meta property=\"og:image:width\" content=\"2559\" \/>\n\t<meta property=\"og:image:height\" content=\"2381\" \/>\n\t<meta property=\"og:image:type\" content=\"image\/jpeg\" \/>\n<meta name=\"author\" content=\"Arendus\" \/>\n<meta name=\"twitter:card\" content=\"summary_large_image\" \/>\n<meta name=\"twitter:label1\" content=\"Written by\" \/>\n\t<meta name=\"twitter:data1\" content=\"Arendus\" \/>\n\t<meta name=\"twitter:label2\" content=\"Est. reading time\" \/>\n\t<meta name=\"twitter:data2\" content=\"1 minut\" \/>\n<script type=\"application\/ld+json\" class=\"yoast-schema-graph\">{\"@context\":\"https:\/\/schema.org\",\"@graph\":[{\"@type\":\"Article\",\"@id\":\"https:\/\/www.pernova.ee\/loodusmaja\/uudised\/talvevalguse-promenaad-8-12-2024-31-01-2025\/#article\",\"isPartOf\":{\"@id\":\"https:\/\/www.pernova.ee\/loodusmaja\/uudised\/talvevalguse-promenaad-8-12-2024-31-01-2025\/\"},\"author\":{\"name\":\"Arendus\",\"@id\":\"https:\/\/www.pernova.ee\/loodusmaja\/#\/schema\/person\/8bf7e5ef67030f9d67250fefe1a8404f\"},\"headline\":\"Talvevalguse promenaad 8.12.2024 &#8211; 31.01.2025\",\"datePublished\":\"2024-12-03T18:35:23+00:00\",\"dateModified\":\"2024-12-12T17:14:18+00:00\",\"mainEntityOfPage\":{\"@id\":\"https:\/\/www.pernova.ee\/loodusmaja\/uudised\/talvevalguse-promenaad-8-12-2024-31-01-2025\/\"},\"wordCount\":135,\"commentCount\":0,\"publisher\":{\"@id\":\"https:\/\/www.pernova.ee\/loodusmaja\/#organization\"},\"image\":{\"@id\":\"https:\/\/www.pernova.ee\/loodusmaja\/uudised\/talvevalguse-promenaad-8-12-2024-31-01-2025\/#primaryimage\"},\"thumbnailUrl\":\"https:\/\/www.pernova.ee\/loodusmaja\/wp-content\/uploads\/2024\/12\/promenaad_2024u.jpg\",\"articleSection\":[\"Muu\"],\"inLanguage\":\"et\",\"potentialAction\":[{\"@type\":\"CommentAction\",\"name\":\"Comment\",\"target\":[\"https:\/\/www.pernova.ee\/loodusmaja\/uudised\/talvevalguse-promenaad-8-12-2024-31-01-2025\/#respond\"]}]},{\"@type\":\"WebPage\",\"@id\":\"https:\/\/www.pernova.ee\/loodusmaja\/uudised\/talvevalguse-promenaad-8-12-2024-31-01-2025\/\",\"url\":\"https:\/\/www.pernova.ee\/loodusmaja\/uudised\/talvevalguse-promenaad-8-12-2024-31-01-2025\/\",\"name\":\"Talvevalguse promenaad 8.12.2024 - 31.01.2025 - Pernova Loodusmaja - kogupere k&uuml;lastuskeskus P&auml;rnus\",\"isPartOf\":{\"@id\":\"https:\/\/www.pernova.ee\/loodusmaja\/#website\"},\"primaryImageOfPage\":{\"@id\":\"https:\/\/www.pernova.ee\/loodusmaja\/uudised\/talvevalguse-promenaad-8-12-2024-31-01-2025\/#primaryimage\"},\"image\":{\"@id\":\"https:\/\/www.pernova.ee\/loodusmaja\/uudised\/talvevalguse-promenaad-8-12-2024-31-01-2025\/#primaryimage\"},\"thumbnailUrl\":\"https:\/\/www.pernova.ee\/loodusmaja\/wp-content\/uploads\/2024\/12\/promenaad_2024u.jpg\",\"datePublished\":\"2024-12-03T18:35:23+00:00\",\"dateModified\":\"2024-12-12T17:14:18+00:00\",\"breadcrumb\":{\"@id\":\"https:\/\/www.pernova.ee\/loodusmaja\/uudised\/talvevalguse-promenaad-8-12-2024-31-01-2025\/#breadcrumb\"},\"inLanguage\":\"et\",\"potentialAction\":[{\"@type\":\"ReadAction\",\"target\":[\"https:\/\/www.pernova.ee\/loodusmaja\/uudised\/talvevalguse-promenaad-8-12-2024-31-01-2025\/\"]}]},{\"@type\":\"ImageObject\",\"inLanguage\":\"et\",\"@id\":\"https:\/\/www.pernova.ee\/loodusmaja\/uudised\/talvevalguse-promenaad-8-12-2024-31-01-2025\/#primaryimage\",\"url\":\"https:\/\/www.pernova.ee\/loodusmaja\/wp-content\/uploads\/2024\/12\/promenaad_2024u.jpg\",\"contentUrl\":\"https:\/\/www.pernova.ee\/loodusmaja\/wp-content\/uploads\/2024\/12\/promenaad_2024u.jpg\",\"width\":2559,\"height\":2381},{\"@type\":\"BreadcrumbList\",\"@id\":\"https:\/\/www.pernova.ee\/loodusmaja\/uudised\/talvevalguse-promenaad-8-12-2024-31-01-2025\/#breadcrumb\",\"itemListElement\":[{\"@type\":\"ListItem\",\"position\":1,\"name\":\"Home\",\"item\":\"https:\/\/www.pernova.ee\/loodusmaja\/\"},{\"@type\":\"ListItem\",\"position\":2,\"name\":\"Talvevalguse promenaad 8.12.2024 &#8211; 31.01.2025\"}]},{\"@type\":\"WebSite\",\"@id\":\"https:\/\/www.pernova.ee\/loodusmaja\/#website\",\"url\":\"https:\/\/www.pernova.ee\/loodusmaja\/\",\"name\":\"Pernova Loodusmaja - kogupere k&uuml;lastuskeskus P&auml;rnus\",\"description\":\"Pernova Loodusmaja - Kogupere k&uuml;lastuskeskus P&auml;rnu linnas.\",\"publisher\":{\"@id\":\"https:\/\/www.pernova.ee\/loodusmaja\/#organization\"},\"potentialAction\":[{\"@type\":\"SearchAction\",\"target\":{\"@type\":\"EntryPoint\",\"urlTemplate\":\"https:\/\/www.pernova.ee\/loodusmaja\/?s={search_term_string}\"},\"query-input\":{\"@type\":\"PropertyValueSpecification\",\"valueRequired\":true,\"valueName\":\"search_term_string\"}}],\"inLanguage\":\"et\"},{\"@type\":\"Organization\",\"@id\":\"https:\/\/www.pernova.ee\/loodusmaja\/#organization\",\"name\":\"Pernova Loodusmaja - kogupere k&uuml;lastuskeskus P&auml;rnus\",\"url\":\"https:\/\/www.pernova.ee\/loodusmaja\/\",\"logo\":{\"@type\":\"ImageObject\",\"inLanguage\":\"et\",\"@id\":\"https:\/\/www.pernova.ee\/loodusmaja\/#\/schema\/logo\/image\/\",\"url\":\"https:\/\/www.pernova.ee\/loodusmaja\/wp-content\/uploads\/2020\/04\/pernova-loodusmaja-logo.png\",\"contentUrl\":\"https:\/\/www.pernova.ee\/loodusmaja\/wp-content\/uploads\/2020\/04\/pernova-loodusmaja-logo.png\",\"width\":1416,\"height\":677,\"caption\":\"Pernova Loodusmaja - kogupere k&uuml;lastuskeskus P&auml;rnus\"},\"image\":{\"@id\":\"https:\/\/www.pernova.ee\/loodusmaja\/#\/schema\/logo\/image\/\"}},{\"@type\":\"Person\",\"@id\":\"https:\/\/www.pernova.ee\/loodusmaja\/#\/schema\/person\/8bf7e5ef67030f9d67250fefe1a8404f\",\"name\":\"Arendus\",\"sameAs\":[\"https:\/\/www.pernova.ee\/loodusmaja\"],\"url\":\"https:\/\/www.pernova.ee\/loodusmaja\/uudised\/author\/arendus\/\"}]}<\/script>\n<!-- \/ Yoast SEO plugin. -->","yoast_head_json":{"title":"Talvevalguse promenaad 8.12.2024 - 31.01.2025 - Pernova Loodusmaja - kogupere k&uuml;lastuskeskus P&auml;rnus","robots":{"index":"index","follow":"follow","max-snippet":"max-snippet:-1","max-image-preview":"max-image-preview:large","max-video-preview":"max-video-preview:-1"},"canonical":"https:\/\/www.pernova.ee\/loodusmaja\/uudised\/talvevalguse-promenaad-8-12-2024-31-01-2025\/","og_locale":"et_EE","og_type":"article","og_title":"Talvevalguse promenaad 8.12.2024 - 31.01.2025 - Pernova Loodusmaja - kogupere k&uuml;lastuskeskus P&auml;rnus","og_description":"Sel aastal avaneb taas Loodusmaja v\u00f5lumaa v\u00e4rav ning k\u00fclastajaid ootab Talvevalguse promenaad! \u00d5uel s\u00fcttib muinasjutuline valguspark imeliste loodusskulptuuridega, avastamist ootab j\u00f5uluh\u00f5nguline metsatukk. 8. detsembril kell 17:00 avame TALVEVALGUSE PROMENAADi kultuuriprogrammiga. [&hellip;]","og_url":"https:\/\/www.pernova.ee\/loodusmaja\/uudised\/talvevalguse-promenaad-8-12-2024-31-01-2025\/","og_site_name":"Pernova Loodusmaja - kogupere k&uuml;lastuskeskus P&auml;rnus","article_published_time":"2024-12-03T18:35:23+00:00","article_modified_time":"2024-12-12T17:14:18+00:00","og_image":[{"width":2559,"height":2381,"url":"https:\/\/www.pernova.ee\/loodusmaja\/wp-content\/uploads\/2024\/12\/promenaad_2024u.jpg","type":"image\/jpeg"}],"author":"Arendus","twitter_card":"summary_large_image","twitter_misc":{"Written by":"Arendus","Est. reading time":"1 minut"},"schema":{"@context":"https:\/\/schema.org","@graph":[{"@type":"Article","@id":"https:\/\/www.pernova.ee\/loodusmaja\/uudised\/talvevalguse-promenaad-8-12-2024-31-01-2025\/#article","isPartOf":{"@id":"https:\/\/www.pernova.ee\/loodusmaja\/uudised\/talvevalguse-promenaad-8-12-2024-31-01-2025\/"},"author":{"name":"Arendus","@id":"https:\/\/www.pernova.ee\/loodusmaja\/#\/schema\/person\/8bf7e5ef67030f9d67250fefe1a8404f"},"headline":"Talvevalguse promenaad 8.12.2024 &#8211; 31.01.2025","datePublished":"2024-12-03T18:35:23+00:00","dateModified":"2024-12-12T17:14:18+00:00","mainEntityOfPage":{"@id":"https:\/\/www.pernova.ee\/loodusmaja\/uudised\/talvevalguse-promenaad-8-12-2024-31-01-2025\/"},"wordCount":135,"commentCount":0,"publisher":{"@id":"https:\/\/www.pernova.ee\/loodusmaja\/#organization"},"image":{"@id":"https:\/\/www.pernova.ee\/loodusmaja\/uudised\/talvevalguse-promenaad-8-12-2024-31-01-2025\/#primaryimage"},"thumbnailUrl":"https:\/\/www.pernova.ee\/loodusmaja\/wp-content\/uploads\/2024\/12\/promenaad_2024u.jpg","articleSection":["Muu"],"inLanguage":"et","potentialAction":[{"@type":"CommentAction","name":"Comment","target":["https:\/\/www.pernova.ee\/loodusmaja\/uudised\/talvevalguse-promenaad-8-12-2024-31-01-2025\/#respond"]}]},{"@type":"WebPage","@id":"https:\/\/www.pernova.ee\/loodusmaja\/uudised\/talvevalguse-promenaad-8-12-2024-31-01-2025\/","url":"https:\/\/www.pernova.ee\/loodusmaja\/uudised\/talvevalguse-promenaad-8-12-2024-31-01-2025\/","name":"Talvevalguse promenaad 8.12.2024 - 31.01.2025 - Pernova Loodusmaja - kogupere k&uuml;lastuskeskus P&auml;rnus","isPartOf":{"@id":"https:\/\/www.pernova.ee\/loodusmaja\/#website"},"primaryImageOfPage":{"@id":"https:\/\/www.pernova.ee\/loodusmaja\/uudised\/talvevalguse-promenaad-8-12-2024-31-01-2025\/#primaryimage"},"image":{"@id":"https:\/\/www.pernova.ee\/loodusmaja\/uudised\/talvevalguse-promenaad-8-12-2024-31-01-2025\/#primaryimage"},"thumbnailUrl":"https:\/\/www.pernova.ee\/loodusmaja\/wp-content\/uploads\/2024\/12\/promenaad_2024u.jpg","datePublished":"2024-12-03T18:35:23+00:00","dateModified":"2024-12-12T17:14:18+00:00","breadcrumb":{"@id":"https:\/\/www.pernova.ee\/loodusmaja\/uudised\/talvevalguse-promenaad-8-12-2024-31-01-2025\/#breadcrumb"},"inLanguage":"et","potentialAction":[{"@type":"ReadAction","target":["https:\/\/www.pernova.ee\/loodusmaja\/uudised\/talvevalguse-promenaad-8-12-2024-31-01-2025\/"]}]},{"@type":"ImageObject","inLanguage":"et","@id":"https:\/\/www.pernova.ee\/loodusmaja\/uudised\/talvevalguse-promenaad-8-12-2024-31-01-2025\/#primaryimage","url":"https:\/\/www.pernova.ee\/loodusmaja\/wp-content\/uploads\/2024\/12\/promenaad_2024u.jpg","contentUrl":"https:\/\/www.pernova.ee\/loodusmaja\/wp-content\/uploads\/2024\/12\/promenaad_2024u.jpg","width":2559,"height":2381},{"@type":"BreadcrumbList","@id":"https:\/\/www.pernova.ee\/loodusmaja\/uudised\/talvevalguse-promenaad-8-12-2024-31-01-2025\/#breadcrumb","itemListElement":[{"@type":"ListItem","position":1,"name":"Home","item":"https:\/\/www.pernova.ee\/loodusmaja\/"},{"@type":"ListItem","position":2,"name":"Talvevalguse promenaad 8.12.2024 &#8211; 31.01.2025"}]},{"@type":"WebSite","@id":"https:\/\/www.pernova.ee\/loodusmaja\/#website","url":"https:\/\/www.pernova.ee\/loodusmaja\/","name":"Pernova Loodusmaja - kogupere k&uuml;lastuskeskus P&auml;rnus","description":"Pernova Loodusmaja - Kogupere k&uuml;lastuskeskus P&auml;rnu linnas.","publisher":{"@id":"https:\/\/www.pernova.ee\/loodusmaja\/#organization"},"potentialAction":[{"@type":"SearchAction","target":{"@type":"EntryPoint","urlTemplate":"https:\/\/www.pernova.ee\/loodusmaja\/?s={search_term_string}"},"query-input":{"@type":"PropertyValueSpecification","valueRequired":true,"valueName":"search_term_string"}}],"inLanguage":"et"},{"@type":"Organization","@id":"https:\/\/www.pernova.ee\/loodusmaja\/#organization","name":"Pernova Loodusmaja - kogupere k&uuml;lastuskeskus P&auml;rnus","url":"https:\/\/www.pernova.ee\/loodusmaja\/","logo":{"@type":"ImageObject","inLanguage":"et","@id":"https:\/\/www.pernova.ee\/loodusmaja\/#\/schema\/logo\/image\/","url":"https:\/\/www.pernova.ee\/loodusmaja\/wp-content\/uploads\/2020\/04\/pernova-loodusmaja-logo.png","contentUrl":"https:\/\/www.pernova.ee\/loodusmaja\/wp-content\/uploads\/2020\/04\/pernova-loodusmaja-logo.png","width":1416,"height":677,"caption":"Pernova Loodusmaja - kogupere k&uuml;lastuskeskus P&auml;rnus"},"image":{"@id":"https:\/\/www.pernova.ee\/loodusmaja\/#\/schema\/logo\/image\/"}},{"@type":"Person","@id":"https:\/\/www.pernova.ee\/loodusmaja\/#\/schema\/person\/8bf7e5ef67030f9d67250fefe1a8404f","name":"Arendus","sameAs":["https:\/\/www.pernova.ee\/loodusmaja"],"url":"https:\/\/www.pernova.ee\/loodusmaja\/uudised\/author\/arendus\/"}]}},"_links":{"self":[{"href":"https:\/\/www.pernova.ee\/loodusmaja\/wp-json\/wp\/v2\/posts\/12972","targetHints":{"allow":["GET"]}}],"collection":[{"href":"https:\/\/www.pernova.ee\/loodusmaja\/wp-json\/wp\/v2\/posts"}],"about":[{"href":"https:\/\/www.pernova.ee\/loodusmaja\/wp-json\/wp\/v2\/types\/post"}],"author":[{"embeddable":true,"href":"https:\/\/www.pernova.ee\/loodusmaja\/wp-json\/wp\/v2\/users\/1"}],"replies":[{"embeddable":true,"href":"https:\/\/www.pernova.ee\/loodusmaja\/wp-json\/wp\/v2\/comments?post=12972"}],"version-history":[{"count":3,"href":"https:\/\/www.pernova.ee\/loodusmaja\/wp-json\/wp\/v2\/posts\/12972\/revisions"}],"predecessor-version":[{"id":13011,"href":"https:\/\/www.pernova.ee\/loodusmaja\/wp-json\/wp\/v2\/posts\/12972\/revisions\/13011"}],"wp:featuredmedia":[{"embeddable":true,"href":"https:\/\/www.pernova.ee\/loodusmaja\/wp-json\/wp\/v2\/media\/12964"}],"wp:attachment":[{"href":"https:\/\/www.pernova.ee\/loodusmaja\/wp-json\/wp\/v2\/media?parent=12972"}],"wp:term":[{"taxonomy":"category","embeddable":true,"href":"https:\/\/www.pernova.ee\/loodusmaja\/wp-json\/wp\/v2\/categories?post=12972"},{"taxonomy":"post_tag","embeddable":true,"href":"https:\/\/www.pernova.ee\/loodusmaja\/wp-json\/wp\/v2\/tags?post=12972"}],"curies":[{"name":"wp","href":"https:\/\/api.w.org\/{rel}","templated":true}]}}