{"id":13504,"date":"2025-06-13T11:04:31","date_gmt":"2025-06-13T08:04:31","guid":{"rendered":"https:\/\/www.pernova.ee\/loodusmaja\/?p=13504"},"modified":"2025-06-13T11:05:27","modified_gmt":"2025-06-13T08:05:27","slug":"naitus-maailma-liivad-avamine-16-juunil","status":"publish","type":"post","link":"https:\/\/www.pernova.ee\/loodusmaja\/uudised\/naitus-maailma-liivad-avamine-16-juunil\/","title":{"rendered":"N\u00e4ituse &#8220;Maailma liivad&#8221; avamine 16. juunil"},"content":{"rendered":"<div>Pernova Loodusmajas avatakse 16. juunil n\u00e4itus <b>&#8220;Maailma liivad&#8221;<\/b>.&nbsp; N\u00e4itus tutvustab liiva mitmekesist ja v\u00e4rvikat maailma. Liiva leidub k\u00f5ikjal \u2013 alates m\u00e4nguv\u00e4ljakutest kuni ookeanis\u00fcgavusteni. Iga liivatera peidab endas unikaalset lugu, mis r\u00e4\u00e4gib selle geoloogilisest p\u00e4ritolust ja keskkonnatingimustest, milles see on kujunenud. N\u00e4itusel saab teada, kuidas liiv tekib, millest see koosneb ning millised on selle kasutusv\u00f5imalused. K\u00fclastajad saavad tutvuda enam kui 150 erineva liivan\u00e4idisega kogu maailmast, mis p\u00e4rinevad Pernova Loodusmaja ning N\u00f5va Looduskeskuse kogudest.&nbsp;<br \/>\nN\u00e4ituse autor on Loodusmaja \u00f5petaja Milvi Talts.<br \/>\nKujundus ja teostus:&nbsp; Kersti Tormis ja Marko Krusberg<\/div>\n<p><b>Avamis\u00fcritusel, 16. juunil kell 16.00<\/b> tutvustab liivade maailma geoloog, loodusfotograaf ja veebiportaali <i>Sandatlas <\/i>looja Siim Sepp, kelle pilte leiab nii k\u00f5rgkooli\u00f5pikutest, teatmeteostest kui ka illustreerimas mitmeid artikleid.<\/p>\n<p>\u00dcritus on tasuta.<\/p>\n","protected":false},"excerpt":{"rendered":"<p>Pernova Loodusmajas avatakse 16. juunil n\u00e4itus &#8220;Maailma liivad&#8221;.&nbsp; N\u00e4itus tutvustab liiva mitmekesist ja v\u00e4rvikat maailma. Liiva leidub k\u00f5ikjal \u2013 alates m\u00e4nguv\u00e4ljakutest kuni ookeanis\u00fcgavusteni. Iga liivatera peidab endas unikaalset lugu, mis [&hellip;]<\/p>\n","protected":false},"author":1,"featured_media":13500,"comment_status":"closed","ping_status":"open","sticky":false,"template":"","format":"standard","meta":{"ngg_post_thumbnail":0,"footnotes":""},"categories":[1],"tags":[],"class_list":["post-13504","post","type-post","status-publish","format-standard","has-post-thumbnail","hentry","category-muu"],"yoast_head":"<!-- This site is optimized with the Yoast SEO plugin v26.6 - https:\/\/yoast.com\/wordpress\/plugins\/seo\/ -->\n<title>N\u00e4ituse &quot;Maailma liivad&quot; avamine 16. juunil - Pernova Loodusmaja - kogupere k&uuml;lastuskeskus P&auml;rnus<\/title>\n<meta name=\"robots\" content=\"index, follow, max-snippet:-1, max-image-preview:large, max-video-preview:-1\" \/>\n<link rel=\"canonical\" href=\"https:\/\/www.pernova.ee\/loodusmaja\/uudised\/naitus-maailma-liivad-avamine-16-juunil\/\" \/>\n<meta property=\"og:locale\" content=\"et_EE\" \/>\n<meta property=\"og:type\" content=\"article\" \/>\n<meta property=\"og:title\" content=\"N\u00e4ituse &quot;Maailma liivad&quot; avamine 16. juunil - Pernova Loodusmaja - kogupere k&uuml;lastuskeskus P&auml;rnus\" \/>\n<meta property=\"og:description\" content=\"Pernova Loodusmajas avatakse 16. juunil n\u00e4itus &#8220;Maailma liivad&#8221;.&nbsp; N\u00e4itus tutvustab liiva mitmekesist ja v\u00e4rvikat maailma. Liiva leidub k\u00f5ikjal \u2013 alates m\u00e4nguv\u00e4ljakutest kuni ookeanis\u00fcgavusteni. Iga liivatera peidab endas unikaalset lugu, mis [&hellip;]\" \/>\n<meta property=\"og:url\" content=\"https:\/\/www.pernova.ee\/loodusmaja\/uudised\/naitus-maailma-liivad-avamine-16-juunil\/\" \/>\n<meta property=\"og:site_name\" content=\"Pernova Loodusmaja - kogupere k&uuml;lastuskeskus P&auml;rnus\" \/>\n<meta property=\"article:published_time\" content=\"2025-06-13T08:04:31+00:00\" \/>\n<meta property=\"article:modified_time\" content=\"2025-06-13T08:05:27+00:00\" \/>\n<meta property=\"og:image\" content=\"https:\/\/www.pernova.ee\/loodusmaja\/wp-content\/uploads\/2025\/06\/Liivad_2025.jpg\" \/>\n\t<meta property=\"og:image:width\" content=\"1200\" \/>\n\t<meta property=\"og:image:height\" content=\"630\" \/>\n\t<meta property=\"og:image:type\" content=\"image\/jpeg\" \/>\n<meta name=\"author\" content=\"Arendus\" \/>\n<meta name=\"twitter:card\" content=\"summary_large_image\" \/>\n<meta name=\"twitter:label1\" content=\"Written by\" \/>\n\t<meta name=\"twitter:data1\" content=\"Arendus\" \/>\n\t<meta name=\"twitter:label2\" content=\"Est. reading time\" \/>\n\t<meta name=\"twitter:data2\" content=\"1 minut\" \/>\n<script type=\"application\/ld+json\" class=\"yoast-schema-graph\">{\"@context\":\"https:\/\/schema.org\",\"@graph\":[{\"@type\":\"Article\",\"@id\":\"https:\/\/www.pernova.ee\/loodusmaja\/uudised\/naitus-maailma-liivad-avamine-16-juunil\/#article\",\"isPartOf\":{\"@id\":\"https:\/\/www.pernova.ee\/loodusmaja\/uudised\/naitus-maailma-liivad-avamine-16-juunil\/\"},\"author\":{\"name\":\"Arendus\",\"@id\":\"https:\/\/www.pernova.ee\/loodusmaja\/#\/schema\/person\/8bf7e5ef67030f9d67250fefe1a8404f\"},\"headline\":\"N\u00e4ituse &#8220;Maailma liivad&#8221; avamine 16. juunil\",\"datePublished\":\"2025-06-13T08:04:31+00:00\",\"dateModified\":\"2025-06-13T08:05:27+00:00\",\"mainEntityOfPage\":{\"@id\":\"https:\/\/www.pernova.ee\/loodusmaja\/uudised\/naitus-maailma-liivad-avamine-16-juunil\/\"},\"wordCount\":140,\"publisher\":{\"@id\":\"https:\/\/www.pernova.ee\/loodusmaja\/#organization\"},\"image\":{\"@id\":\"https:\/\/www.pernova.ee\/loodusmaja\/uudised\/naitus-maailma-liivad-avamine-16-juunil\/#primaryimage\"},\"thumbnailUrl\":\"https:\/\/www.pernova.ee\/loodusmaja\/wp-content\/uploads\/2025\/06\/Liivad_2025.jpg\",\"articleSection\":[\"Muu\"],\"inLanguage\":\"et\"},{\"@type\":\"WebPage\",\"@id\":\"https:\/\/www.pernova.ee\/loodusmaja\/uudised\/naitus-maailma-liivad-avamine-16-juunil\/\",\"url\":\"https:\/\/www.pernova.ee\/loodusmaja\/uudised\/naitus-maailma-liivad-avamine-16-juunil\/\",\"name\":\"N\u00e4ituse \\\"Maailma liivad\\\" avamine 16. juunil - Pernova Loodusmaja - kogupere k&uuml;lastuskeskus P&auml;rnus\",\"isPartOf\":{\"@id\":\"https:\/\/www.pernova.ee\/loodusmaja\/#website\"},\"primaryImageOfPage\":{\"@id\":\"https:\/\/www.pernova.ee\/loodusmaja\/uudised\/naitus-maailma-liivad-avamine-16-juunil\/#primaryimage\"},\"image\":{\"@id\":\"https:\/\/www.pernova.ee\/loodusmaja\/uudised\/naitus-maailma-liivad-avamine-16-juunil\/#primaryimage\"},\"thumbnailUrl\":\"https:\/\/www.pernova.ee\/loodusmaja\/wp-content\/uploads\/2025\/06\/Liivad_2025.jpg\",\"datePublished\":\"2025-06-13T08:04:31+00:00\",\"dateModified\":\"2025-06-13T08:05:27+00:00\",\"breadcrumb\":{\"@id\":\"https:\/\/www.pernova.ee\/loodusmaja\/uudised\/naitus-maailma-liivad-avamine-16-juunil\/#breadcrumb\"},\"inLanguage\":\"et\",\"potentialAction\":[{\"@type\":\"ReadAction\",\"target\":[\"https:\/\/www.pernova.ee\/loodusmaja\/uudised\/naitus-maailma-liivad-avamine-16-juunil\/\"]}]},{\"@type\":\"ImageObject\",\"inLanguage\":\"et\",\"@id\":\"https:\/\/www.pernova.ee\/loodusmaja\/uudised\/naitus-maailma-liivad-avamine-16-juunil\/#primaryimage\",\"url\":\"https:\/\/www.pernova.ee\/loodusmaja\/wp-content\/uploads\/2025\/06\/Liivad_2025.jpg\",\"contentUrl\":\"https:\/\/www.pernova.ee\/loodusmaja\/wp-content\/uploads\/2025\/06\/Liivad_2025.jpg\",\"width\":1200,\"height\":630},{\"@type\":\"BreadcrumbList\",\"@id\":\"https:\/\/www.pernova.ee\/loodusmaja\/uudised\/naitus-maailma-liivad-avamine-16-juunil\/#breadcrumb\",\"itemListElement\":[{\"@type\":\"ListItem\",\"position\":1,\"name\":\"Home\",\"item\":\"https:\/\/www.pernova.ee\/loodusmaja\/\"},{\"@type\":\"ListItem\",\"position\":2,\"name\":\"N\u00e4ituse &#8220;Maailma liivad&#8221; avamine 16. juunil\"}]},{\"@type\":\"WebSite\",\"@id\":\"https:\/\/www.pernova.ee\/loodusmaja\/#website\",\"url\":\"https:\/\/www.pernova.ee\/loodusmaja\/\",\"name\":\"Pernova Loodusmaja - kogupere k&uuml;lastuskeskus P&auml;rnus\",\"description\":\"Pernova Loodusmaja - Kogupere k&uuml;lastuskeskus P&auml;rnu linnas.\",\"publisher\":{\"@id\":\"https:\/\/www.pernova.ee\/loodusmaja\/#organization\"},\"potentialAction\":[{\"@type\":\"SearchAction\",\"target\":{\"@type\":\"EntryPoint\",\"urlTemplate\":\"https:\/\/www.pernova.ee\/loodusmaja\/?s={search_term_string}\"},\"query-input\":{\"@type\":\"PropertyValueSpecification\",\"valueRequired\":true,\"valueName\":\"search_term_string\"}}],\"inLanguage\":\"et\"},{\"@type\":\"Organization\",\"@id\":\"https:\/\/www.pernova.ee\/loodusmaja\/#organization\",\"name\":\"Pernova Loodusmaja - kogupere k&uuml;lastuskeskus P&auml;rnus\",\"url\":\"https:\/\/www.pernova.ee\/loodusmaja\/\",\"logo\":{\"@type\":\"ImageObject\",\"inLanguage\":\"et\",\"@id\":\"https:\/\/www.pernova.ee\/loodusmaja\/#\/schema\/logo\/image\/\",\"url\":\"https:\/\/www.pernova.ee\/loodusmaja\/wp-content\/uploads\/2020\/04\/pernova-loodusmaja-logo.png\",\"contentUrl\":\"https:\/\/www.pernova.ee\/loodusmaja\/wp-content\/uploads\/2020\/04\/pernova-loodusmaja-logo.png\",\"width\":1416,\"height\":677,\"caption\":\"Pernova Loodusmaja - kogupere k&uuml;lastuskeskus P&auml;rnus\"},\"image\":{\"@id\":\"https:\/\/www.pernova.ee\/loodusmaja\/#\/schema\/logo\/image\/\"}},{\"@type\":\"Person\",\"@id\":\"https:\/\/www.pernova.ee\/loodusmaja\/#\/schema\/person\/8bf7e5ef67030f9d67250fefe1a8404f\",\"name\":\"Arendus\",\"sameAs\":[\"https:\/\/www.pernova.ee\/loodusmaja\"],\"url\":\"https:\/\/www.pernova.ee\/loodusmaja\/uudised\/author\/arendus\/\"}]}<\/script>\n<!-- \/ Yoast SEO plugin. -->","yoast_head_json":{"title":"N\u00e4ituse \"Maailma liivad\" avamine 16. juunil - Pernova Loodusmaja - kogupere k&uuml;lastuskeskus P&auml;rnus","robots":{"index":"index","follow":"follow","max-snippet":"max-snippet:-1","max-image-preview":"max-image-preview:large","max-video-preview":"max-video-preview:-1"},"canonical":"https:\/\/www.pernova.ee\/loodusmaja\/uudised\/naitus-maailma-liivad-avamine-16-juunil\/","og_locale":"et_EE","og_type":"article","og_title":"N\u00e4ituse \"Maailma liivad\" avamine 16. juunil - Pernova Loodusmaja - kogupere k&uuml;lastuskeskus P&auml;rnus","og_description":"Pernova Loodusmajas avatakse 16. juunil n\u00e4itus &#8220;Maailma liivad&#8221;.&nbsp; N\u00e4itus tutvustab liiva mitmekesist ja v\u00e4rvikat maailma. Liiva leidub k\u00f5ikjal \u2013 alates m\u00e4nguv\u00e4ljakutest kuni ookeanis\u00fcgavusteni. Iga liivatera peidab endas unikaalset lugu, mis [&hellip;]","og_url":"https:\/\/www.pernova.ee\/loodusmaja\/uudised\/naitus-maailma-liivad-avamine-16-juunil\/","og_site_name":"Pernova Loodusmaja - kogupere k&uuml;lastuskeskus P&auml;rnus","article_published_time":"2025-06-13T08:04:31+00:00","article_modified_time":"2025-06-13T08:05:27+00:00","og_image":[{"width":1200,"height":630,"url":"https:\/\/www.pernova.ee\/loodusmaja\/wp-content\/uploads\/2025\/06\/Liivad_2025.jpg","type":"image\/jpeg"}],"author":"Arendus","twitter_card":"summary_large_image","twitter_misc":{"Written by":"Arendus","Est. reading time":"1 minut"},"schema":{"@context":"https:\/\/schema.org","@graph":[{"@type":"Article","@id":"https:\/\/www.pernova.ee\/loodusmaja\/uudised\/naitus-maailma-liivad-avamine-16-juunil\/#article","isPartOf":{"@id":"https:\/\/www.pernova.ee\/loodusmaja\/uudised\/naitus-maailma-liivad-avamine-16-juunil\/"},"author":{"name":"Arendus","@id":"https:\/\/www.pernova.ee\/loodusmaja\/#\/schema\/person\/8bf7e5ef67030f9d67250fefe1a8404f"},"headline":"N\u00e4ituse &#8220;Maailma liivad&#8221; avamine 16. juunil","datePublished":"2025-06-13T08:04:31+00:00","dateModified":"2025-06-13T08:05:27+00:00","mainEntityOfPage":{"@id":"https:\/\/www.pernova.ee\/loodusmaja\/uudised\/naitus-maailma-liivad-avamine-16-juunil\/"},"wordCount":140,"publisher":{"@id":"https:\/\/www.pernova.ee\/loodusmaja\/#organization"},"image":{"@id":"https:\/\/www.pernova.ee\/loodusmaja\/uudised\/naitus-maailma-liivad-avamine-16-juunil\/#primaryimage"},"thumbnailUrl":"https:\/\/www.pernova.ee\/loodusmaja\/wp-content\/uploads\/2025\/06\/Liivad_2025.jpg","articleSection":["Muu"],"inLanguage":"et"},{"@type":"WebPage","@id":"https:\/\/www.pernova.ee\/loodusmaja\/uudised\/naitus-maailma-liivad-avamine-16-juunil\/","url":"https:\/\/www.pernova.ee\/loodusmaja\/uudised\/naitus-maailma-liivad-avamine-16-juunil\/","name":"N\u00e4ituse \"Maailma liivad\" avamine 16. juunil - Pernova Loodusmaja - kogupere k&uuml;lastuskeskus P&auml;rnus","isPartOf":{"@id":"https:\/\/www.pernova.ee\/loodusmaja\/#website"},"primaryImageOfPage":{"@id":"https:\/\/www.pernova.ee\/loodusmaja\/uudised\/naitus-maailma-liivad-avamine-16-juunil\/#primaryimage"},"image":{"@id":"https:\/\/www.pernova.ee\/loodusmaja\/uudised\/naitus-maailma-liivad-avamine-16-juunil\/#primaryimage"},"thumbnailUrl":"https:\/\/www.pernova.ee\/loodusmaja\/wp-content\/uploads\/2025\/06\/Liivad_2025.jpg","datePublished":"2025-06-13T08:04:31+00:00","dateModified":"2025-06-13T08:05:27+00:00","breadcrumb":{"@id":"https:\/\/www.pernova.ee\/loodusmaja\/uudised\/naitus-maailma-liivad-avamine-16-juunil\/#breadcrumb"},"inLanguage":"et","potentialAction":[{"@type":"ReadAction","target":["https:\/\/www.pernova.ee\/loodusmaja\/uudised\/naitus-maailma-liivad-avamine-16-juunil\/"]}]},{"@type":"ImageObject","inLanguage":"et","@id":"https:\/\/www.pernova.ee\/loodusmaja\/uudised\/naitus-maailma-liivad-avamine-16-juunil\/#primaryimage","url":"https:\/\/www.pernova.ee\/loodusmaja\/wp-content\/uploads\/2025\/06\/Liivad_2025.jpg","contentUrl":"https:\/\/www.pernova.ee\/loodusmaja\/wp-content\/uploads\/2025\/06\/Liivad_2025.jpg","width":1200,"height":630},{"@type":"BreadcrumbList","@id":"https:\/\/www.pernova.ee\/loodusmaja\/uudised\/naitus-maailma-liivad-avamine-16-juunil\/#breadcrumb","itemListElement":[{"@type":"ListItem","position":1,"name":"Home","item":"https:\/\/www.pernova.ee\/loodusmaja\/"},{"@type":"ListItem","position":2,"name":"N\u00e4ituse &#8220;Maailma liivad&#8221; avamine 16. juunil"}]},{"@type":"WebSite","@id":"https:\/\/www.pernova.ee\/loodusmaja\/#website","url":"https:\/\/www.pernova.ee\/loodusmaja\/","name":"Pernova Loodusmaja - kogupere k&uuml;lastuskeskus P&auml;rnus","description":"Pernova Loodusmaja - Kogupere k&uuml;lastuskeskus P&auml;rnu linnas.","publisher":{"@id":"https:\/\/www.pernova.ee\/loodusmaja\/#organization"},"potentialAction":[{"@type":"SearchAction","target":{"@type":"EntryPoint","urlTemplate":"https:\/\/www.pernova.ee\/loodusmaja\/?s={search_term_string}"},"query-input":{"@type":"PropertyValueSpecification","valueRequired":true,"valueName":"search_term_string"}}],"inLanguage":"et"},{"@type":"Organization","@id":"https:\/\/www.pernova.ee\/loodusmaja\/#organization","name":"Pernova Loodusmaja - kogupere k&uuml;lastuskeskus P&auml;rnus","url":"https:\/\/www.pernova.ee\/loodusmaja\/","logo":{"@type":"ImageObject","inLanguage":"et","@id":"https:\/\/www.pernova.ee\/loodusmaja\/#\/schema\/logo\/image\/","url":"https:\/\/www.pernova.ee\/loodusmaja\/wp-content\/uploads\/2020\/04\/pernova-loodusmaja-logo.png","contentUrl":"https:\/\/www.pernova.ee\/loodusmaja\/wp-content\/uploads\/2020\/04\/pernova-loodusmaja-logo.png","width":1416,"height":677,"caption":"Pernova Loodusmaja - kogupere k&uuml;lastuskeskus P&auml;rnus"},"image":{"@id":"https:\/\/www.pernova.ee\/loodusmaja\/#\/schema\/logo\/image\/"}},{"@type":"Person","@id":"https:\/\/www.pernova.ee\/loodusmaja\/#\/schema\/person\/8bf7e5ef67030f9d67250fefe1a8404f","name":"Arendus","sameAs":["https:\/\/www.pernova.ee\/loodusmaja"],"url":"https:\/\/www.pernova.ee\/loodusmaja\/uudised\/author\/arendus\/"}]}},"_links":{"self":[{"href":"https:\/\/www.pernova.ee\/loodusmaja\/wp-json\/wp\/v2\/posts\/13504","targetHints":{"allow":["GET"]}}],"collection":[{"href":"https:\/\/www.pernova.ee\/loodusmaja\/wp-json\/wp\/v2\/posts"}],"about":[{"href":"https:\/\/www.pernova.ee\/loodusmaja\/wp-json\/wp\/v2\/types\/post"}],"author":[{"embeddable":true,"href":"https:\/\/www.pernova.ee\/loodusmaja\/wp-json\/wp\/v2\/users\/1"}],"replies":[{"embeddable":true,"href":"https:\/\/www.pernova.ee\/loodusmaja\/wp-json\/wp\/v2\/comments?post=13504"}],"version-history":[{"count":3,"href":"https:\/\/www.pernova.ee\/loodusmaja\/wp-json\/wp\/v2\/posts\/13504\/revisions"}],"predecessor-version":[{"id":13507,"href":"https:\/\/www.pernova.ee\/loodusmaja\/wp-json\/wp\/v2\/posts\/13504\/revisions\/13507"}],"wp:featuredmedia":[{"embeddable":true,"href":"https:\/\/www.pernova.ee\/loodusmaja\/wp-json\/wp\/v2\/media\/13500"}],"wp:attachment":[{"href":"https:\/\/www.pernova.ee\/loodusmaja\/wp-json\/wp\/v2\/media?parent=13504"}],"wp:term":[{"taxonomy":"category","embeddable":true,"href":"https:\/\/www.pernova.ee\/loodusmaja\/wp-json\/wp\/v2\/categories?post=13504"},{"taxonomy":"post_tag","embeddable":true,"href":"https:\/\/www.pernova.ee\/loodusmaja\/wp-json\/wp\/v2\/tags?post=13504"}],"curies":[{"name":"wp","href":"https:\/\/api.w.org\/{rel}","templated":true}]}}