{"id":3747,"date":"2020-07-02T00:16:11","date_gmt":"2020-07-01T21:16:11","guid":{"rendered":"https:\/\/www.pernova.ee\/loodusmaja\/?p=3747"},"modified":"2020-07-02T00:16:11","modified_gmt":"2020-07-01T21:16:11","slug":"kulalisnaitus-edgar-valteri-imeline-pokumaailm-01-07-2020","status":"publish","type":"post","link":"https:\/\/www.pernova.ee\/loodusmaja\/uudised\/kulalisnaitus-edgar-valteri-imeline-pokumaailm-01-07-2020\/","title":{"rendered":"K\u00fclalisn\u00e4itus \u201cEdgar Valteri imeline pokumaailm\u201d 01.07.2020"},"content":{"rendered":"<p><b>\u201eEDGAR VALTERI IMELINE POKUMAAILM\u201d \u00a0<\/b><\/p>\n<p>Alates 1. juulist saab Pernova Loodusmajas tutvuda Edgar Valteri 90. s\u00fcnniaastap\u00e4eva t\u00e4histava n\u00e4itusega pokude maailmast.<\/p>\n<p>N\u00e4itusel on v\u00e4ljas suured pildid pokude r\u00e4nnakust Edgar Valteri radadel ja raamatu \u201eAastas\u00f5\u00f5r pokudega. Aastaring pokudega\u201c valmimisloost.<\/p>\n<p>R\u00e4nnates l\u00e4bi nelja aastaaja Edgar Valteri radadel P\u00f6\u00f6rism\u00e4el ja mitmel pool mujal ajaloolisel V\u00f5rumaal on fotograaf K\u00fclli Leppik pildistanud kauneid loodusvaateid. Fotosid t\u00e4iendavad Edgar Valteri originaaljoonistused pokudest ning K\u00fclli Leppiku aja kulgemisest kantud m\u00f5tisklused. N\u00e4itus on p\u00fchendatud eelk\u00f5ige V\u00f5rumaa loodusele, nagu ka n\u00e4itusele v\u00e4lja pandud Edgar Valteri maalid.<\/p>\n<p>N\u00e4ituse joonistused ja loodusfotod on tehtud kunstniku viimases kodus P\u00f6\u00f6rism\u00e4el, kus kunstnik elas aastatel 1987\u20132006, ja mitmel pool mujal V\u00f5rumaal, kus kunstnik pokude loomiseks inspiratsiooni sai. Fotod on koos Edgar Valteriga r\u00e4nnates teinud tema kaasteeline ja p\u00e4randi hoidja K\u00fclli Leppik. Fotoj\u00e4\u00e4dvustusi t\u00e4iendavad pokud, lasteraamatutest tuttavad tegelased, kelle Edgar Valter just V\u00f5rumaalt avastas. Ka n\u00e4itusepiltidel vahendavad nad kunstniku m\u00f5ttelaadi. Edgar Valter tundis end h\u00e4sti ja turvaliselt just samas keskkonnas, kuhu kuulusid pokud.<\/p>\n<p>N\u00e4ituse on koostanud K\u00fclli Leppik pildimaterjalist, mis p\u00e4rineb 2019. aastal ilmunud v\u00f5ru- ja eestikeelsest raamatust \u201eAastats\u00f5\u00f5r pokud\u00f5ga. Aaastaring pokudega\u201c. Raamatusse j\u00f5udnud fotodest on n\u00e4itusel v\u00e4ljas omakorda v\u00e4ike aastaring \u2013 igast aastaajast k\u00f5ige iseloomulikumad, kirkamad v\u00f5tted.<\/p>\n","protected":false},"excerpt":{"rendered":"<p>\u201eEDGAR VALTERI IMELINE POKUMAAILM\u201d \u00a0 Alates 1. juulist saab Pernova Loodusmajas tutvuda Edgar Valteri 90. s\u00fcnniaastap\u00e4eva t\u00e4histava n\u00e4itusega pokude maailmast. N\u00e4itusel on v\u00e4ljas suured pildid pokude r\u00e4nnakust Edgar Valteri radadel [&hellip;]<\/p>\n","protected":false},"author":1,"featured_media":3739,"comment_status":"open","ping_status":"open","sticky":false,"template":"","format":"standard","meta":{"ngg_post_thumbnail":0,"footnotes":""},"categories":[1],"tags":[],"class_list":["post-3747","post","type-post","status-publish","format-standard","has-post-thumbnail","hentry","category-muu"],"yoast_head":"<!-- This site is optimized with the Yoast SEO plugin v26.6 - https:\/\/yoast.com\/wordpress\/plugins\/seo\/ -->\n<title>K\u00fclalisn\u00e4itus \u201cEdgar Valteri imeline pokumaailm\u201d 01.07.2020 - Pernova Loodusmaja - kogupere k&uuml;lastuskeskus P&auml;rnus<\/title>\n<meta name=\"robots\" content=\"index, follow, max-snippet:-1, max-image-preview:large, max-video-preview:-1\" \/>\n<link rel=\"canonical\" href=\"https:\/\/www.pernova.ee\/loodusmaja\/uudised\/kulalisnaitus-edgar-valteri-imeline-pokumaailm-01-07-2020\/\" \/>\n<meta property=\"og:locale\" content=\"et_EE\" \/>\n<meta property=\"og:type\" content=\"article\" \/>\n<meta property=\"og:title\" content=\"K\u00fclalisn\u00e4itus \u201cEdgar Valteri imeline pokumaailm\u201d 01.07.2020 - Pernova Loodusmaja - kogupere k&uuml;lastuskeskus P&auml;rnus\" \/>\n<meta property=\"og:description\" content=\"\u201eEDGAR VALTERI IMELINE POKUMAAILM\u201d \u00a0 Alates 1. juulist saab Pernova Loodusmajas tutvuda Edgar Valteri 90. s\u00fcnniaastap\u00e4eva t\u00e4histava n\u00e4itusega pokude maailmast. N\u00e4itusel on v\u00e4ljas suured pildid pokude r\u00e4nnakust Edgar Valteri radadel [&hellip;]\" \/>\n<meta property=\"og:url\" content=\"https:\/\/www.pernova.ee\/loodusmaja\/uudised\/kulalisnaitus-edgar-valteri-imeline-pokumaailm-01-07-2020\/\" \/>\n<meta property=\"og:site_name\" content=\"Pernova Loodusmaja - kogupere k&uuml;lastuskeskus P&auml;rnus\" \/>\n<meta property=\"article:published_time\" content=\"2020-07-01T21:16:11+00:00\" \/>\n<meta property=\"og:image\" content=\"https:\/\/www.pernova.ee\/loodusmaja\/wp-content\/uploads\/2020\/07\/Edkar-Valter.png\" \/>\n\t<meta property=\"og:image:width\" content=\"319\" \/>\n\t<meta property=\"og:image:height\" content=\"466\" \/>\n\t<meta property=\"og:image:type\" content=\"image\/png\" \/>\n<meta name=\"author\" content=\"Arendus\" \/>\n<meta name=\"twitter:card\" content=\"summary_large_image\" \/>\n<meta name=\"twitter:label1\" content=\"Written by\" \/>\n\t<meta name=\"twitter:data1\" content=\"Arendus\" \/>\n\t<meta name=\"twitter:label2\" content=\"Est. reading time\" \/>\n\t<meta name=\"twitter:data2\" content=\"1 minut\" \/>\n<script type=\"application\/ld+json\" class=\"yoast-schema-graph\">{\"@context\":\"https:\/\/schema.org\",\"@graph\":[{\"@type\":\"Article\",\"@id\":\"https:\/\/www.pernova.ee\/loodusmaja\/uudised\/kulalisnaitus-edgar-valteri-imeline-pokumaailm-01-07-2020\/#article\",\"isPartOf\":{\"@id\":\"https:\/\/www.pernova.ee\/loodusmaja\/uudised\/kulalisnaitus-edgar-valteri-imeline-pokumaailm-01-07-2020\/\"},\"author\":{\"name\":\"Arendus\",\"@id\":\"https:\/\/www.pernova.ee\/loodusmaja\/#\/schema\/person\/8bf7e5ef67030f9d67250fefe1a8404f\"},\"headline\":\"K\u00fclalisn\u00e4itus \u201cEdgar Valteri imeline pokumaailm\u201d 01.07.2020\",\"datePublished\":\"2020-07-01T21:16:11+00:00\",\"mainEntityOfPage\":{\"@id\":\"https:\/\/www.pernova.ee\/loodusmaja\/uudised\/kulalisnaitus-edgar-valteri-imeline-pokumaailm-01-07-2020\/\"},\"wordCount\":240,\"commentCount\":0,\"publisher\":{\"@id\":\"https:\/\/www.pernova.ee\/loodusmaja\/#organization\"},\"image\":{\"@id\":\"https:\/\/www.pernova.ee\/loodusmaja\/uudised\/kulalisnaitus-edgar-valteri-imeline-pokumaailm-01-07-2020\/#primaryimage\"},\"thumbnailUrl\":\"https:\/\/www.pernova.ee\/loodusmaja\/wp-content\/uploads\/2020\/07\/Edkar-Valter.png\",\"articleSection\":[\"Muu\"],\"inLanguage\":\"et\",\"potentialAction\":[{\"@type\":\"CommentAction\",\"name\":\"Comment\",\"target\":[\"https:\/\/www.pernova.ee\/loodusmaja\/uudised\/kulalisnaitus-edgar-valteri-imeline-pokumaailm-01-07-2020\/#respond\"]}]},{\"@type\":\"WebPage\",\"@id\":\"https:\/\/www.pernova.ee\/loodusmaja\/uudised\/kulalisnaitus-edgar-valteri-imeline-pokumaailm-01-07-2020\/\",\"url\":\"https:\/\/www.pernova.ee\/loodusmaja\/uudised\/kulalisnaitus-edgar-valteri-imeline-pokumaailm-01-07-2020\/\",\"name\":\"K\u00fclalisn\u00e4itus \u201cEdgar Valteri imeline pokumaailm\u201d 01.07.2020 - Pernova Loodusmaja - kogupere k&uuml;lastuskeskus P&auml;rnus\",\"isPartOf\":{\"@id\":\"https:\/\/www.pernova.ee\/loodusmaja\/#website\"},\"primaryImageOfPage\":{\"@id\":\"https:\/\/www.pernova.ee\/loodusmaja\/uudised\/kulalisnaitus-edgar-valteri-imeline-pokumaailm-01-07-2020\/#primaryimage\"},\"image\":{\"@id\":\"https:\/\/www.pernova.ee\/loodusmaja\/uudised\/kulalisnaitus-edgar-valteri-imeline-pokumaailm-01-07-2020\/#primaryimage\"},\"thumbnailUrl\":\"https:\/\/www.pernova.ee\/loodusmaja\/wp-content\/uploads\/2020\/07\/Edkar-Valter.png\",\"datePublished\":\"2020-07-01T21:16:11+00:00\",\"breadcrumb\":{\"@id\":\"https:\/\/www.pernova.ee\/loodusmaja\/uudised\/kulalisnaitus-edgar-valteri-imeline-pokumaailm-01-07-2020\/#breadcrumb\"},\"inLanguage\":\"et\",\"potentialAction\":[{\"@type\":\"ReadAction\",\"target\":[\"https:\/\/www.pernova.ee\/loodusmaja\/uudised\/kulalisnaitus-edgar-valteri-imeline-pokumaailm-01-07-2020\/\"]}]},{\"@type\":\"ImageObject\",\"inLanguage\":\"et\",\"@id\":\"https:\/\/www.pernova.ee\/loodusmaja\/uudised\/kulalisnaitus-edgar-valteri-imeline-pokumaailm-01-07-2020\/#primaryimage\",\"url\":\"https:\/\/www.pernova.ee\/loodusmaja\/wp-content\/uploads\/2020\/07\/Edkar-Valter.png\",\"contentUrl\":\"https:\/\/www.pernova.ee\/loodusmaja\/wp-content\/uploads\/2020\/07\/Edkar-Valter.png\",\"width\":319,\"height\":466},{\"@type\":\"BreadcrumbList\",\"@id\":\"https:\/\/www.pernova.ee\/loodusmaja\/uudised\/kulalisnaitus-edgar-valteri-imeline-pokumaailm-01-07-2020\/#breadcrumb\",\"itemListElement\":[{\"@type\":\"ListItem\",\"position\":1,\"name\":\"Home\",\"item\":\"https:\/\/www.pernova.ee\/loodusmaja\/\"},{\"@type\":\"ListItem\",\"position\":2,\"name\":\"K\u00fclalisn\u00e4itus \u201cEdgar Valteri imeline pokumaailm\u201d 01.07.2020\"}]},{\"@type\":\"WebSite\",\"@id\":\"https:\/\/www.pernova.ee\/loodusmaja\/#website\",\"url\":\"https:\/\/www.pernova.ee\/loodusmaja\/\",\"name\":\"Pernova Loodusmaja - kogupere k&uuml;lastuskeskus P&auml;rnus\",\"description\":\"Pernova Loodusmaja - Kogupere k&uuml;lastuskeskus P&auml;rnu linnas.\",\"publisher\":{\"@id\":\"https:\/\/www.pernova.ee\/loodusmaja\/#organization\"},\"potentialAction\":[{\"@type\":\"SearchAction\",\"target\":{\"@type\":\"EntryPoint\",\"urlTemplate\":\"https:\/\/www.pernova.ee\/loodusmaja\/?s={search_term_string}\"},\"query-input\":{\"@type\":\"PropertyValueSpecification\",\"valueRequired\":true,\"valueName\":\"search_term_string\"}}],\"inLanguage\":\"et\"},{\"@type\":\"Organization\",\"@id\":\"https:\/\/www.pernova.ee\/loodusmaja\/#organization\",\"name\":\"Pernova Loodusmaja - kogupere k&uuml;lastuskeskus P&auml;rnus\",\"url\":\"https:\/\/www.pernova.ee\/loodusmaja\/\",\"logo\":{\"@type\":\"ImageObject\",\"inLanguage\":\"et\",\"@id\":\"https:\/\/www.pernova.ee\/loodusmaja\/#\/schema\/logo\/image\/\",\"url\":\"https:\/\/www.pernova.ee\/loodusmaja\/wp-content\/uploads\/2020\/04\/pernova-loodusmaja-logo.png\",\"contentUrl\":\"https:\/\/www.pernova.ee\/loodusmaja\/wp-content\/uploads\/2020\/04\/pernova-loodusmaja-logo.png\",\"width\":1416,\"height\":677,\"caption\":\"Pernova Loodusmaja - kogupere k&uuml;lastuskeskus P&auml;rnus\"},\"image\":{\"@id\":\"https:\/\/www.pernova.ee\/loodusmaja\/#\/schema\/logo\/image\/\"}},{\"@type\":\"Person\",\"@id\":\"https:\/\/www.pernova.ee\/loodusmaja\/#\/schema\/person\/8bf7e5ef67030f9d67250fefe1a8404f\",\"name\":\"Arendus\",\"sameAs\":[\"https:\/\/www.pernova.ee\/loodusmaja\"],\"url\":\"https:\/\/www.pernova.ee\/loodusmaja\/uudised\/author\/arendus\/\"}]}<\/script>\n<!-- \/ Yoast SEO plugin. -->","yoast_head_json":{"title":"K\u00fclalisn\u00e4itus \u201cEdgar Valteri imeline pokumaailm\u201d 01.07.2020 - Pernova Loodusmaja - kogupere k&uuml;lastuskeskus P&auml;rnus","robots":{"index":"index","follow":"follow","max-snippet":"max-snippet:-1","max-image-preview":"max-image-preview:large","max-video-preview":"max-video-preview:-1"},"canonical":"https:\/\/www.pernova.ee\/loodusmaja\/uudised\/kulalisnaitus-edgar-valteri-imeline-pokumaailm-01-07-2020\/","og_locale":"et_EE","og_type":"article","og_title":"K\u00fclalisn\u00e4itus \u201cEdgar Valteri imeline pokumaailm\u201d 01.07.2020 - Pernova Loodusmaja - kogupere k&uuml;lastuskeskus P&auml;rnus","og_description":"\u201eEDGAR VALTERI IMELINE POKUMAAILM\u201d \u00a0 Alates 1. juulist saab Pernova Loodusmajas tutvuda Edgar Valteri 90. s\u00fcnniaastap\u00e4eva t\u00e4histava n\u00e4itusega pokude maailmast. N\u00e4itusel on v\u00e4ljas suured pildid pokude r\u00e4nnakust Edgar Valteri radadel [&hellip;]","og_url":"https:\/\/www.pernova.ee\/loodusmaja\/uudised\/kulalisnaitus-edgar-valteri-imeline-pokumaailm-01-07-2020\/","og_site_name":"Pernova Loodusmaja - kogupere k&uuml;lastuskeskus P&auml;rnus","article_published_time":"2020-07-01T21:16:11+00:00","og_image":[{"width":319,"height":466,"url":"https:\/\/www.pernova.ee\/loodusmaja\/wp-content\/uploads\/2020\/07\/Edkar-Valter.png","type":"image\/png"}],"author":"Arendus","twitter_card":"summary_large_image","twitter_misc":{"Written by":"Arendus","Est. reading time":"1 minut"},"schema":{"@context":"https:\/\/schema.org","@graph":[{"@type":"Article","@id":"https:\/\/www.pernova.ee\/loodusmaja\/uudised\/kulalisnaitus-edgar-valteri-imeline-pokumaailm-01-07-2020\/#article","isPartOf":{"@id":"https:\/\/www.pernova.ee\/loodusmaja\/uudised\/kulalisnaitus-edgar-valteri-imeline-pokumaailm-01-07-2020\/"},"author":{"name":"Arendus","@id":"https:\/\/www.pernova.ee\/loodusmaja\/#\/schema\/person\/8bf7e5ef67030f9d67250fefe1a8404f"},"headline":"K\u00fclalisn\u00e4itus \u201cEdgar Valteri imeline pokumaailm\u201d 01.07.2020","datePublished":"2020-07-01T21:16:11+00:00","mainEntityOfPage":{"@id":"https:\/\/www.pernova.ee\/loodusmaja\/uudised\/kulalisnaitus-edgar-valteri-imeline-pokumaailm-01-07-2020\/"},"wordCount":240,"commentCount":0,"publisher":{"@id":"https:\/\/www.pernova.ee\/loodusmaja\/#organization"},"image":{"@id":"https:\/\/www.pernova.ee\/loodusmaja\/uudised\/kulalisnaitus-edgar-valteri-imeline-pokumaailm-01-07-2020\/#primaryimage"},"thumbnailUrl":"https:\/\/www.pernova.ee\/loodusmaja\/wp-content\/uploads\/2020\/07\/Edkar-Valter.png","articleSection":["Muu"],"inLanguage":"et","potentialAction":[{"@type":"CommentAction","name":"Comment","target":["https:\/\/www.pernova.ee\/loodusmaja\/uudised\/kulalisnaitus-edgar-valteri-imeline-pokumaailm-01-07-2020\/#respond"]}]},{"@type":"WebPage","@id":"https:\/\/www.pernova.ee\/loodusmaja\/uudised\/kulalisnaitus-edgar-valteri-imeline-pokumaailm-01-07-2020\/","url":"https:\/\/www.pernova.ee\/loodusmaja\/uudised\/kulalisnaitus-edgar-valteri-imeline-pokumaailm-01-07-2020\/","name":"K\u00fclalisn\u00e4itus \u201cEdgar Valteri imeline pokumaailm\u201d 01.07.2020 - Pernova Loodusmaja - kogupere k&uuml;lastuskeskus P&auml;rnus","isPartOf":{"@id":"https:\/\/www.pernova.ee\/loodusmaja\/#website"},"primaryImageOfPage":{"@id":"https:\/\/www.pernova.ee\/loodusmaja\/uudised\/kulalisnaitus-edgar-valteri-imeline-pokumaailm-01-07-2020\/#primaryimage"},"image":{"@id":"https:\/\/www.pernova.ee\/loodusmaja\/uudised\/kulalisnaitus-edgar-valteri-imeline-pokumaailm-01-07-2020\/#primaryimage"},"thumbnailUrl":"https:\/\/www.pernova.ee\/loodusmaja\/wp-content\/uploads\/2020\/07\/Edkar-Valter.png","datePublished":"2020-07-01T21:16:11+00:00","breadcrumb":{"@id":"https:\/\/www.pernova.ee\/loodusmaja\/uudised\/kulalisnaitus-edgar-valteri-imeline-pokumaailm-01-07-2020\/#breadcrumb"},"inLanguage":"et","potentialAction":[{"@type":"ReadAction","target":["https:\/\/www.pernova.ee\/loodusmaja\/uudised\/kulalisnaitus-edgar-valteri-imeline-pokumaailm-01-07-2020\/"]}]},{"@type":"ImageObject","inLanguage":"et","@id":"https:\/\/www.pernova.ee\/loodusmaja\/uudised\/kulalisnaitus-edgar-valteri-imeline-pokumaailm-01-07-2020\/#primaryimage","url":"https:\/\/www.pernova.ee\/loodusmaja\/wp-content\/uploads\/2020\/07\/Edkar-Valter.png","contentUrl":"https:\/\/www.pernova.ee\/loodusmaja\/wp-content\/uploads\/2020\/07\/Edkar-Valter.png","width":319,"height":466},{"@type":"BreadcrumbList","@id":"https:\/\/www.pernova.ee\/loodusmaja\/uudised\/kulalisnaitus-edgar-valteri-imeline-pokumaailm-01-07-2020\/#breadcrumb","itemListElement":[{"@type":"ListItem","position":1,"name":"Home","item":"https:\/\/www.pernova.ee\/loodusmaja\/"},{"@type":"ListItem","position":2,"name":"K\u00fclalisn\u00e4itus \u201cEdgar Valteri imeline pokumaailm\u201d 01.07.2020"}]},{"@type":"WebSite","@id":"https:\/\/www.pernova.ee\/loodusmaja\/#website","url":"https:\/\/www.pernova.ee\/loodusmaja\/","name":"Pernova Loodusmaja - kogupere k&uuml;lastuskeskus P&auml;rnus","description":"Pernova Loodusmaja - Kogupere k&uuml;lastuskeskus P&auml;rnu linnas.","publisher":{"@id":"https:\/\/www.pernova.ee\/loodusmaja\/#organization"},"potentialAction":[{"@type":"SearchAction","target":{"@type":"EntryPoint","urlTemplate":"https:\/\/www.pernova.ee\/loodusmaja\/?s={search_term_string}"},"query-input":{"@type":"PropertyValueSpecification","valueRequired":true,"valueName":"search_term_string"}}],"inLanguage":"et"},{"@type":"Organization","@id":"https:\/\/www.pernova.ee\/loodusmaja\/#organization","name":"Pernova Loodusmaja - kogupere k&uuml;lastuskeskus P&auml;rnus","url":"https:\/\/www.pernova.ee\/loodusmaja\/","logo":{"@type":"ImageObject","inLanguage":"et","@id":"https:\/\/www.pernova.ee\/loodusmaja\/#\/schema\/logo\/image\/","url":"https:\/\/www.pernova.ee\/loodusmaja\/wp-content\/uploads\/2020\/04\/pernova-loodusmaja-logo.png","contentUrl":"https:\/\/www.pernova.ee\/loodusmaja\/wp-content\/uploads\/2020\/04\/pernova-loodusmaja-logo.png","width":1416,"height":677,"caption":"Pernova Loodusmaja - kogupere k&uuml;lastuskeskus P&auml;rnus"},"image":{"@id":"https:\/\/www.pernova.ee\/loodusmaja\/#\/schema\/logo\/image\/"}},{"@type":"Person","@id":"https:\/\/www.pernova.ee\/loodusmaja\/#\/schema\/person\/8bf7e5ef67030f9d67250fefe1a8404f","name":"Arendus","sameAs":["https:\/\/www.pernova.ee\/loodusmaja"],"url":"https:\/\/www.pernova.ee\/loodusmaja\/uudised\/author\/arendus\/"}]}},"_links":{"self":[{"href":"https:\/\/www.pernova.ee\/loodusmaja\/wp-json\/wp\/v2\/posts\/3747","targetHints":{"allow":["GET"]}}],"collection":[{"href":"https:\/\/www.pernova.ee\/loodusmaja\/wp-json\/wp\/v2\/posts"}],"about":[{"href":"https:\/\/www.pernova.ee\/loodusmaja\/wp-json\/wp\/v2\/types\/post"}],"author":[{"embeddable":true,"href":"https:\/\/www.pernova.ee\/loodusmaja\/wp-json\/wp\/v2\/users\/1"}],"replies":[{"embeddable":true,"href":"https:\/\/www.pernova.ee\/loodusmaja\/wp-json\/wp\/v2\/comments?post=3747"}],"version-history":[{"count":1,"href":"https:\/\/www.pernova.ee\/loodusmaja\/wp-json\/wp\/v2\/posts\/3747\/revisions"}],"predecessor-version":[{"id":3748,"href":"https:\/\/www.pernova.ee\/loodusmaja\/wp-json\/wp\/v2\/posts\/3747\/revisions\/3748"}],"wp:featuredmedia":[{"embeddable":true,"href":"https:\/\/www.pernova.ee\/loodusmaja\/wp-json\/wp\/v2\/media\/3739"}],"wp:attachment":[{"href":"https:\/\/www.pernova.ee\/loodusmaja\/wp-json\/wp\/v2\/media?parent=3747"}],"wp:term":[{"taxonomy":"category","embeddable":true,"href":"https:\/\/www.pernova.ee\/loodusmaja\/wp-json\/wp\/v2\/categories?post=3747"},{"taxonomy":"post_tag","embeddable":true,"href":"https:\/\/www.pernova.ee\/loodusmaja\/wp-json\/wp\/v2\/tags?post=3747"}],"curies":[{"name":"wp","href":"https:\/\/api.w.org\/{rel}","templated":true}]}}