{"id":7536,"date":"2021-05-29T13:10:56","date_gmt":"2021-05-29T10:10:56","guid":{"rendered":"https:\/\/www.pernova.ee\/loodusmaja\/?p=7536"},"modified":"2021-06-04T13:58:49","modified_gmt":"2021-06-04T10:58:49","slug":"5-juunil-on-ulemaailme-keskkonnapaev","status":"publish","type":"post","link":"https:\/\/www.pernova.ee\/loodusmaja\/uudised\/5-juunil-on-ulemaailme-keskkonnapaev\/","title":{"rendered":"5.juunil on \u00fclemaailme KESKKONNAP\u00c4EV!"},"content":{"rendered":"<p>Kutsume Sind sellel p\u00e4eval P\u00e4rnu randa kaasa m\u00f5tlema, kuidas saaks iga\u00fcks meist panustada L\u00e4\u00e4nemere ja rannaalade keskkonnahoiule ja v\u00e4hendada oma \u00f6koloogilist jalaj\u00e4lge.<\/p>\n<p>P\u00fcstitame selleks p\u00e4evaks mere\u00e4\u00e4rsesse rannaparki HOIA MERD! teavituskampaania telgi, kus huvilised saavad Pernova Hariduskeskuse \u00f5petajate juhendamisel teada uut mere, selle asukate ja probleemide kohta, osaleda keskkonnaalastes m\u00e4ngudes. Oma tegevustega suuname pilgu p\u00f6\u00f6rama L\u00e4\u00e4nemerega seotud keskkonnaprobleemidele.<br \/>\n\u201cHoia merd!\u201d tegevustes kutsume kaasa l\u00f6\u00f6ma kell 15.00-18.00!<br \/>\nOodatud on igas vanuses huvilised!<br \/>\nTelgi leiate Hedon Spa k\u00f5rvalt.<\/p>\n<p>Tegevused on TASUTA!<\/p>\n<p>Keskkonnap\u00e4eval \u201cmaandub\u201d P\u00e4rnu rannaliivale hiiglaslik PR\u00dcGIKALA skulptuur.<br \/>\nPr\u00fcgikala tulek on j\u00e4tk Pernova Loodusmaja igasuvisele \u201eHoia merd!\u201c teavituskampaaniale.<br \/>\nMetall- ja plastpudelitega t\u00e4idetud 10 meetrise ja 2,5 tonni kaaluva installatsiooni eesm\u00e4rk on panna vaatajad m\u00f5tlema, mida me tarbime ja endast loodusesse maha j\u00e4tame. Ainu\u00fcksi P\u00e4rnu keskrannast viiakse igal aastal \u00e4ra kuni 14 tonni pr\u00fcgi.<\/p>\n<p>Tulge perega kaasa m\u00f5tlema!<\/p>\n","protected":false},"excerpt":{"rendered":"<p>Kutsume Sind sellel p\u00e4eval P\u00e4rnu randa kaasa m\u00f5tlema, kuidas saaks iga\u00fcks meist panustada L\u00e4\u00e4nemere ja rannaalade keskkonnahoiule ja v\u00e4hendada oma \u00f6koloogilist jalaj\u00e4lge. P\u00fcstitame selleks p\u00e4evaks mere\u00e4\u00e4rsesse rannaparki HOIA MERD! teavituskampaania [&hellip;]<\/p>\n","protected":false},"author":1,"featured_media":7528,"comment_status":"open","ping_status":"open","sticky":false,"template":"","format":"standard","meta":{"ngg_post_thumbnail":0,"footnotes":""},"categories":[1],"tags":[],"class_list":["post-7536","post","type-post","status-publish","format-standard","has-post-thumbnail","hentry","category-muu"],"yoast_head":"<!-- This site is optimized with the Yoast SEO plugin v26.6 - https:\/\/yoast.com\/wordpress\/plugins\/seo\/ -->\n<title>5.juunil on \u00fclemaailme KESKKONNAP\u00c4EV! - Pernova Loodusmaja - kogupere k&uuml;lastuskeskus P&auml;rnus<\/title>\n<meta name=\"robots\" content=\"index, follow, max-snippet:-1, max-image-preview:large, max-video-preview:-1\" \/>\n<link rel=\"canonical\" href=\"https:\/\/www.pernova.ee\/loodusmaja\/uudised\/5-juunil-on-ulemaailme-keskkonnapaev\/\" \/>\n<meta property=\"og:locale\" content=\"et_EE\" \/>\n<meta property=\"og:type\" content=\"article\" \/>\n<meta property=\"og:title\" content=\"5.juunil on \u00fclemaailme KESKKONNAP\u00c4EV! - Pernova Loodusmaja - kogupere k&uuml;lastuskeskus P&auml;rnus\" \/>\n<meta property=\"og:description\" content=\"Kutsume Sind sellel p\u00e4eval P\u00e4rnu randa kaasa m\u00f5tlema, kuidas saaks iga\u00fcks meist panustada L\u00e4\u00e4nemere ja rannaalade keskkonnahoiule ja v\u00e4hendada oma \u00f6koloogilist jalaj\u00e4lge. P\u00fcstitame selleks p\u00e4evaks mere\u00e4\u00e4rsesse rannaparki HOIA MERD! teavituskampaania [&hellip;]\" \/>\n<meta property=\"og:url\" content=\"https:\/\/www.pernova.ee\/loodusmaja\/uudised\/5-juunil-on-ulemaailme-keskkonnapaev\/\" \/>\n<meta property=\"og:site_name\" content=\"Pernova Loodusmaja - kogupere k&uuml;lastuskeskus P&auml;rnus\" \/>\n<meta property=\"article:published_time\" content=\"2021-05-29T10:10:56+00:00\" \/>\n<meta property=\"article:modified_time\" content=\"2021-06-04T10:58:49+00:00\" \/>\n<meta property=\"og:image\" content=\"https:\/\/www.pernova.ee\/loodusmaja\/wp-content\/uploads\/2021\/05\/Keskkonnkaitse-pa\u0308ev-kodulehe-slider.png\" \/>\n\t<meta property=\"og:image:width\" content=\"1200\" \/>\n\t<meta property=\"og:image:height\" content=\"600\" \/>\n\t<meta property=\"og:image:type\" content=\"image\/png\" \/>\n<meta name=\"author\" content=\"Arendus\" \/>\n<meta name=\"twitter:card\" content=\"summary_large_image\" \/>\n<meta name=\"twitter:label1\" content=\"Written by\" \/>\n\t<meta name=\"twitter:data1\" content=\"Arendus\" \/>\n\t<meta name=\"twitter:label2\" content=\"Est. reading time\" \/>\n\t<meta name=\"twitter:data2\" content=\"1 minut\" \/>\n<script type=\"application\/ld+json\" class=\"yoast-schema-graph\">{\"@context\":\"https:\/\/schema.org\",\"@graph\":[{\"@type\":\"Article\",\"@id\":\"https:\/\/www.pernova.ee\/loodusmaja\/uudised\/5-juunil-on-ulemaailme-keskkonnapaev\/#article\",\"isPartOf\":{\"@id\":\"https:\/\/www.pernova.ee\/loodusmaja\/uudised\/5-juunil-on-ulemaailme-keskkonnapaev\/\"},\"author\":{\"name\":\"Arendus\",\"@id\":\"https:\/\/www.pernova.ee\/loodusmaja\/#\/schema\/person\/8bf7e5ef67030f9d67250fefe1a8404f\"},\"headline\":\"5.juunil on \u00fclemaailme KESKKONNAP\u00c4EV!\",\"datePublished\":\"2021-05-29T10:10:56+00:00\",\"dateModified\":\"2021-06-04T10:58:49+00:00\",\"mainEntityOfPage\":{\"@id\":\"https:\/\/www.pernova.ee\/loodusmaja\/uudised\/5-juunil-on-ulemaailme-keskkonnapaev\/\"},\"wordCount\":164,\"commentCount\":0,\"publisher\":{\"@id\":\"https:\/\/www.pernova.ee\/loodusmaja\/#organization\"},\"image\":{\"@id\":\"https:\/\/www.pernova.ee\/loodusmaja\/uudised\/5-juunil-on-ulemaailme-keskkonnapaev\/#primaryimage\"},\"thumbnailUrl\":\"https:\/\/www.pernova.ee\/loodusmaja\/wp-content\/uploads\/2021\/05\/Keskkonnkaitse-pa\u0308ev-kodulehe-slider.png\",\"articleSection\":[\"Muu\"],\"inLanguage\":\"et\",\"potentialAction\":[{\"@type\":\"CommentAction\",\"name\":\"Comment\",\"target\":[\"https:\/\/www.pernova.ee\/loodusmaja\/uudised\/5-juunil-on-ulemaailme-keskkonnapaev\/#respond\"]}]},{\"@type\":\"WebPage\",\"@id\":\"https:\/\/www.pernova.ee\/loodusmaja\/uudised\/5-juunil-on-ulemaailme-keskkonnapaev\/\",\"url\":\"https:\/\/www.pernova.ee\/loodusmaja\/uudised\/5-juunil-on-ulemaailme-keskkonnapaev\/\",\"name\":\"5.juunil on \u00fclemaailme KESKKONNAP\u00c4EV! - Pernova Loodusmaja - kogupere k&uuml;lastuskeskus P&auml;rnus\",\"isPartOf\":{\"@id\":\"https:\/\/www.pernova.ee\/loodusmaja\/#website\"},\"primaryImageOfPage\":{\"@id\":\"https:\/\/www.pernova.ee\/loodusmaja\/uudised\/5-juunil-on-ulemaailme-keskkonnapaev\/#primaryimage\"},\"image\":{\"@id\":\"https:\/\/www.pernova.ee\/loodusmaja\/uudised\/5-juunil-on-ulemaailme-keskkonnapaev\/#primaryimage\"},\"thumbnailUrl\":\"https:\/\/www.pernova.ee\/loodusmaja\/wp-content\/uploads\/2021\/05\/Keskkonnkaitse-pa\u0308ev-kodulehe-slider.png\",\"datePublished\":\"2021-05-29T10:10:56+00:00\",\"dateModified\":\"2021-06-04T10:58:49+00:00\",\"breadcrumb\":{\"@id\":\"https:\/\/www.pernova.ee\/loodusmaja\/uudised\/5-juunil-on-ulemaailme-keskkonnapaev\/#breadcrumb\"},\"inLanguage\":\"et\",\"potentialAction\":[{\"@type\":\"ReadAction\",\"target\":[\"https:\/\/www.pernova.ee\/loodusmaja\/uudised\/5-juunil-on-ulemaailme-keskkonnapaev\/\"]}]},{\"@type\":\"ImageObject\",\"inLanguage\":\"et\",\"@id\":\"https:\/\/www.pernova.ee\/loodusmaja\/uudised\/5-juunil-on-ulemaailme-keskkonnapaev\/#primaryimage\",\"url\":\"https:\/\/www.pernova.ee\/loodusmaja\/wp-content\/uploads\/2021\/05\/Keskkonnkaitse-pa\u0308ev-kodulehe-slider.png\",\"contentUrl\":\"https:\/\/www.pernova.ee\/loodusmaja\/wp-content\/uploads\/2021\/05\/Keskkonnkaitse-pa\u0308ev-kodulehe-slider.png\",\"width\":1200,\"height\":600},{\"@type\":\"BreadcrumbList\",\"@id\":\"https:\/\/www.pernova.ee\/loodusmaja\/uudised\/5-juunil-on-ulemaailme-keskkonnapaev\/#breadcrumb\",\"itemListElement\":[{\"@type\":\"ListItem\",\"position\":1,\"name\":\"Home\",\"item\":\"https:\/\/www.pernova.ee\/loodusmaja\/\"},{\"@type\":\"ListItem\",\"position\":2,\"name\":\"5.juunil on \u00fclemaailme KESKKONNAP\u00c4EV!\"}]},{\"@type\":\"WebSite\",\"@id\":\"https:\/\/www.pernova.ee\/loodusmaja\/#website\",\"url\":\"https:\/\/www.pernova.ee\/loodusmaja\/\",\"name\":\"Pernova Loodusmaja - kogupere k&uuml;lastuskeskus P&auml;rnus\",\"description\":\"Pernova Loodusmaja - Kogupere k&uuml;lastuskeskus P&auml;rnu linnas.\",\"publisher\":{\"@id\":\"https:\/\/www.pernova.ee\/loodusmaja\/#organization\"},\"potentialAction\":[{\"@type\":\"SearchAction\",\"target\":{\"@type\":\"EntryPoint\",\"urlTemplate\":\"https:\/\/www.pernova.ee\/loodusmaja\/?s={search_term_string}\"},\"query-input\":{\"@type\":\"PropertyValueSpecification\",\"valueRequired\":true,\"valueName\":\"search_term_string\"}}],\"inLanguage\":\"et\"},{\"@type\":\"Organization\",\"@id\":\"https:\/\/www.pernova.ee\/loodusmaja\/#organization\",\"name\":\"Pernova Loodusmaja - kogupere k&uuml;lastuskeskus P&auml;rnus\",\"url\":\"https:\/\/www.pernova.ee\/loodusmaja\/\",\"logo\":{\"@type\":\"ImageObject\",\"inLanguage\":\"et\",\"@id\":\"https:\/\/www.pernova.ee\/loodusmaja\/#\/schema\/logo\/image\/\",\"url\":\"https:\/\/www.pernova.ee\/loodusmaja\/wp-content\/uploads\/2020\/04\/pernova-loodusmaja-logo.png\",\"contentUrl\":\"https:\/\/www.pernova.ee\/loodusmaja\/wp-content\/uploads\/2020\/04\/pernova-loodusmaja-logo.png\",\"width\":1416,\"height\":677,\"caption\":\"Pernova Loodusmaja - kogupere k&uuml;lastuskeskus P&auml;rnus\"},\"image\":{\"@id\":\"https:\/\/www.pernova.ee\/loodusmaja\/#\/schema\/logo\/image\/\"}},{\"@type\":\"Person\",\"@id\":\"https:\/\/www.pernova.ee\/loodusmaja\/#\/schema\/person\/8bf7e5ef67030f9d67250fefe1a8404f\",\"name\":\"Arendus\",\"sameAs\":[\"https:\/\/www.pernova.ee\/loodusmaja\"],\"url\":\"https:\/\/www.pernova.ee\/loodusmaja\/uudised\/author\/arendus\/\"}]}<\/script>\n<!-- \/ Yoast SEO plugin. -->","yoast_head_json":{"title":"5.juunil on \u00fclemaailme KESKKONNAP\u00c4EV! - Pernova Loodusmaja - kogupere k&uuml;lastuskeskus P&auml;rnus","robots":{"index":"index","follow":"follow","max-snippet":"max-snippet:-1","max-image-preview":"max-image-preview:large","max-video-preview":"max-video-preview:-1"},"canonical":"https:\/\/www.pernova.ee\/loodusmaja\/uudised\/5-juunil-on-ulemaailme-keskkonnapaev\/","og_locale":"et_EE","og_type":"article","og_title":"5.juunil on \u00fclemaailme KESKKONNAP\u00c4EV! - Pernova Loodusmaja - kogupere k&uuml;lastuskeskus P&auml;rnus","og_description":"Kutsume Sind sellel p\u00e4eval P\u00e4rnu randa kaasa m\u00f5tlema, kuidas saaks iga\u00fcks meist panustada L\u00e4\u00e4nemere ja rannaalade keskkonnahoiule ja v\u00e4hendada oma \u00f6koloogilist jalaj\u00e4lge. P\u00fcstitame selleks p\u00e4evaks mere\u00e4\u00e4rsesse rannaparki HOIA MERD! teavituskampaania [&hellip;]","og_url":"https:\/\/www.pernova.ee\/loodusmaja\/uudised\/5-juunil-on-ulemaailme-keskkonnapaev\/","og_site_name":"Pernova Loodusmaja - kogupere k&uuml;lastuskeskus P&auml;rnus","article_published_time":"2021-05-29T10:10:56+00:00","article_modified_time":"2021-06-04T10:58:49+00:00","og_image":[{"width":1200,"height":600,"url":"https:\/\/www.pernova.ee\/loodusmaja\/wp-content\/uploads\/2021\/05\/Keskkonnkaitse-pa\u0308ev-kodulehe-slider.png","type":"image\/png"}],"author":"Arendus","twitter_card":"summary_large_image","twitter_misc":{"Written by":"Arendus","Est. reading time":"1 minut"},"schema":{"@context":"https:\/\/schema.org","@graph":[{"@type":"Article","@id":"https:\/\/www.pernova.ee\/loodusmaja\/uudised\/5-juunil-on-ulemaailme-keskkonnapaev\/#article","isPartOf":{"@id":"https:\/\/www.pernova.ee\/loodusmaja\/uudised\/5-juunil-on-ulemaailme-keskkonnapaev\/"},"author":{"name":"Arendus","@id":"https:\/\/www.pernova.ee\/loodusmaja\/#\/schema\/person\/8bf7e5ef67030f9d67250fefe1a8404f"},"headline":"5.juunil on \u00fclemaailme KESKKONNAP\u00c4EV!","datePublished":"2021-05-29T10:10:56+00:00","dateModified":"2021-06-04T10:58:49+00:00","mainEntityOfPage":{"@id":"https:\/\/www.pernova.ee\/loodusmaja\/uudised\/5-juunil-on-ulemaailme-keskkonnapaev\/"},"wordCount":164,"commentCount":0,"publisher":{"@id":"https:\/\/www.pernova.ee\/loodusmaja\/#organization"},"image":{"@id":"https:\/\/www.pernova.ee\/loodusmaja\/uudised\/5-juunil-on-ulemaailme-keskkonnapaev\/#primaryimage"},"thumbnailUrl":"https:\/\/www.pernova.ee\/loodusmaja\/wp-content\/uploads\/2021\/05\/Keskkonnkaitse-pa\u0308ev-kodulehe-slider.png","articleSection":["Muu"],"inLanguage":"et","potentialAction":[{"@type":"CommentAction","name":"Comment","target":["https:\/\/www.pernova.ee\/loodusmaja\/uudised\/5-juunil-on-ulemaailme-keskkonnapaev\/#respond"]}]},{"@type":"WebPage","@id":"https:\/\/www.pernova.ee\/loodusmaja\/uudised\/5-juunil-on-ulemaailme-keskkonnapaev\/","url":"https:\/\/www.pernova.ee\/loodusmaja\/uudised\/5-juunil-on-ulemaailme-keskkonnapaev\/","name":"5.juunil on \u00fclemaailme KESKKONNAP\u00c4EV! - Pernova Loodusmaja - kogupere k&uuml;lastuskeskus P&auml;rnus","isPartOf":{"@id":"https:\/\/www.pernova.ee\/loodusmaja\/#website"},"primaryImageOfPage":{"@id":"https:\/\/www.pernova.ee\/loodusmaja\/uudised\/5-juunil-on-ulemaailme-keskkonnapaev\/#primaryimage"},"image":{"@id":"https:\/\/www.pernova.ee\/loodusmaja\/uudised\/5-juunil-on-ulemaailme-keskkonnapaev\/#primaryimage"},"thumbnailUrl":"https:\/\/www.pernova.ee\/loodusmaja\/wp-content\/uploads\/2021\/05\/Keskkonnkaitse-pa\u0308ev-kodulehe-slider.png","datePublished":"2021-05-29T10:10:56+00:00","dateModified":"2021-06-04T10:58:49+00:00","breadcrumb":{"@id":"https:\/\/www.pernova.ee\/loodusmaja\/uudised\/5-juunil-on-ulemaailme-keskkonnapaev\/#breadcrumb"},"inLanguage":"et","potentialAction":[{"@type":"ReadAction","target":["https:\/\/www.pernova.ee\/loodusmaja\/uudised\/5-juunil-on-ulemaailme-keskkonnapaev\/"]}]},{"@type":"ImageObject","inLanguage":"et","@id":"https:\/\/www.pernova.ee\/loodusmaja\/uudised\/5-juunil-on-ulemaailme-keskkonnapaev\/#primaryimage","url":"https:\/\/www.pernova.ee\/loodusmaja\/wp-content\/uploads\/2021\/05\/Keskkonnkaitse-pa\u0308ev-kodulehe-slider.png","contentUrl":"https:\/\/www.pernova.ee\/loodusmaja\/wp-content\/uploads\/2021\/05\/Keskkonnkaitse-pa\u0308ev-kodulehe-slider.png","width":1200,"height":600},{"@type":"BreadcrumbList","@id":"https:\/\/www.pernova.ee\/loodusmaja\/uudised\/5-juunil-on-ulemaailme-keskkonnapaev\/#breadcrumb","itemListElement":[{"@type":"ListItem","position":1,"name":"Home","item":"https:\/\/www.pernova.ee\/loodusmaja\/"},{"@type":"ListItem","position":2,"name":"5.juunil on \u00fclemaailme KESKKONNAP\u00c4EV!"}]},{"@type":"WebSite","@id":"https:\/\/www.pernova.ee\/loodusmaja\/#website","url":"https:\/\/www.pernova.ee\/loodusmaja\/","name":"Pernova Loodusmaja - kogupere k&uuml;lastuskeskus P&auml;rnus","description":"Pernova Loodusmaja - Kogupere k&uuml;lastuskeskus P&auml;rnu linnas.","publisher":{"@id":"https:\/\/www.pernova.ee\/loodusmaja\/#organization"},"potentialAction":[{"@type":"SearchAction","target":{"@type":"EntryPoint","urlTemplate":"https:\/\/www.pernova.ee\/loodusmaja\/?s={search_term_string}"},"query-input":{"@type":"PropertyValueSpecification","valueRequired":true,"valueName":"search_term_string"}}],"inLanguage":"et"},{"@type":"Organization","@id":"https:\/\/www.pernova.ee\/loodusmaja\/#organization","name":"Pernova Loodusmaja - kogupere k&uuml;lastuskeskus P&auml;rnus","url":"https:\/\/www.pernova.ee\/loodusmaja\/","logo":{"@type":"ImageObject","inLanguage":"et","@id":"https:\/\/www.pernova.ee\/loodusmaja\/#\/schema\/logo\/image\/","url":"https:\/\/www.pernova.ee\/loodusmaja\/wp-content\/uploads\/2020\/04\/pernova-loodusmaja-logo.png","contentUrl":"https:\/\/www.pernova.ee\/loodusmaja\/wp-content\/uploads\/2020\/04\/pernova-loodusmaja-logo.png","width":1416,"height":677,"caption":"Pernova Loodusmaja - kogupere k&uuml;lastuskeskus P&auml;rnus"},"image":{"@id":"https:\/\/www.pernova.ee\/loodusmaja\/#\/schema\/logo\/image\/"}},{"@type":"Person","@id":"https:\/\/www.pernova.ee\/loodusmaja\/#\/schema\/person\/8bf7e5ef67030f9d67250fefe1a8404f","name":"Arendus","sameAs":["https:\/\/www.pernova.ee\/loodusmaja"],"url":"https:\/\/www.pernova.ee\/loodusmaja\/uudised\/author\/arendus\/"}]}},"_links":{"self":[{"href":"https:\/\/www.pernova.ee\/loodusmaja\/wp-json\/wp\/v2\/posts\/7536","targetHints":{"allow":["GET"]}}],"collection":[{"href":"https:\/\/www.pernova.ee\/loodusmaja\/wp-json\/wp\/v2\/posts"}],"about":[{"href":"https:\/\/www.pernova.ee\/loodusmaja\/wp-json\/wp\/v2\/types\/post"}],"author":[{"embeddable":true,"href":"https:\/\/www.pernova.ee\/loodusmaja\/wp-json\/wp\/v2\/users\/1"}],"replies":[{"embeddable":true,"href":"https:\/\/www.pernova.ee\/loodusmaja\/wp-json\/wp\/v2\/comments?post=7536"}],"version-history":[{"count":6,"href":"https:\/\/www.pernova.ee\/loodusmaja\/wp-json\/wp\/v2\/posts\/7536\/revisions"}],"predecessor-version":[{"id":7655,"href":"https:\/\/www.pernova.ee\/loodusmaja\/wp-json\/wp\/v2\/posts\/7536\/revisions\/7655"}],"wp:featuredmedia":[{"embeddable":true,"href":"https:\/\/www.pernova.ee\/loodusmaja\/wp-json\/wp\/v2\/media\/7528"}],"wp:attachment":[{"href":"https:\/\/www.pernova.ee\/loodusmaja\/wp-json\/wp\/v2\/media?parent=7536"}],"wp:term":[{"taxonomy":"category","embeddable":true,"href":"https:\/\/www.pernova.ee\/loodusmaja\/wp-json\/wp\/v2\/categories?post=7536"},{"taxonomy":"post_tag","embeddable":true,"href":"https:\/\/www.pernova.ee\/loodusmaja\/wp-json\/wp\/v2\/tags?post=7536"}],"curies":[{"name":"wp","href":"https:\/\/api.w.org\/{rel}","templated":true}]}}