{"id":9793,"date":"2023-06-13T15:18:41","date_gmt":"2023-06-13T12:18:41","guid":{"rendered":"https:\/\/www.pernova.ee\/loodusmaja\/?p=9793"},"modified":"2023-06-13T15:20:50","modified_gmt":"2023-06-13T12:20:50","slug":"koostoo-keskkonnakapp-2023","status":"publish","type":"post","link":"https:\/\/www.pernova.ee\/loodusmaja\/uudised\/koostoo-keskkonnakapp-2023\/","title":{"rendered":"Koost\u00f6\u00f6 Keskkonnak\u00e4pp 2023"},"content":{"rendered":"<h4>Kliimaminister Kristen Michal kuulutas v\u00e4lja keskkonnas\u00f5bralike haridustegude konkursi Keskkonnak\u00e4pp t\u00e4navused v\u00f5itjad.<\/h4>\n<div class=\"article-body__item article-body__item--htmlElement\">\n<p>Tunnustuse t\u00f5i P\u00e4rnu linn kui \u00f5pikeskkond keskkonnahariduse toetajana Pernova loodusmajas. P\u00e4rnu linn kui \u00f5pikeskus ehk P\u00d5K-programm on \u00fclelinnaline huvikoolide, \u00fcldhariduskoolide ja linna territooriumil tegutsevate asutuste koost\u00f6\u00f6programm, millega l\u00f5imitakse formaalset ja mitteformaalset \u00f5pet. Regionaalsesse projekti on kaasatud eri koost\u00f6\u00f6partnereid, kes aitavad kooli \u00f5ppekava rikastada ja selle s\u00fcnergia abil on v\u00f5imalik luua mitmek\u00fclgseid \u00f5ppimisv\u00f5imalusi.<\/p>\n<\/div>\n<div class=\"article-body__item article-body__item--htmlElement\">\n<p>Kliimaminister Kristen Michal \u00fctles auhindade \u00fcleandmisel, et keskkonnateadlik k\u00e4itumine ja harjumuste kujundamine saab alguse lapsep\u00f5lves.<\/p>\n<\/div>\n<div class=\"article-body__item article-body__item--htmlElement\">\n<p>\u201cIga noor ja \u00f5petaja, kes teeb sammu keskkonnateadlikkuse suurendamiseks, algatab uue teekonna. Lasteaia ja koolitunni projekti m\u00f5ju ulatub palju kaugemasse tulevikku, sest muutused \u00fchiskonnas saavad alguse just haridusest. T\u00e4name ja tunnustame neid, kes aitavad kujundada meie laste tulevikku,\u201d \u00fctles minister.<\/p>\n<\/div>\n<div class=\"article-body__item article-body__item--htmlElement\">\n<p>T\u00e4navused nomineeritud projektid keskendusid taaskasutusele, koost\u00f6\u00f6le kogukonnaga ja laiemalt keskkonnateadlikkuse suurendamisele. Mitu kooli&nbsp;ja lasteaeda&nbsp;rajasid oma aia v\u00f5i v\u00f5tsid eesm\u00e4rgiks j\u00e4\u00e4tmeks muutunud asjadest midagi uut valmistada.<\/p>\n<\/div>\n<div class=\"article-body__item article-body__item--htmlElement\">\n<p>Seekordsed v\u00f5idut\u00f6\u00f6d kinnitavad, et elurikkuse, kliimamuutuste ja ringmajanduse teemasid v\u00f5ib&nbsp;lasteaias v\u00f5i koolis&nbsp;praktilise \u00f5ppega juba varakult tutvustada.<\/p>\n<\/div>\n<div class=\"article-body__item article-body__item--htmlElement\">\n<p>Osa projekte v\u00f5imaldas&nbsp;noortel n\u00e4pud mulda pista ja k\u00e4ed k\u00fclge panna, teised aga suunasid k\u00e4itumist m\u00e4ngulises vormis. Iga keskkonnak\u00e4pa tegu aitab tegelikult kaasa meie s\u00fcsinikujalaj\u00e4lje v\u00e4hendamisele, kliimamuutuste leevendamisele ja&nbsp;nendega kohanemisele.<\/p>\n<\/div>\n<div class=\"article-body__item article-body__item--htmlElement\">\n<p>Keskkonnak\u00e4pa konkursiga tunnustatakse neid toredaid noori, haridusasutusi, \u00f5petajaid ja organisatsioone, kes on panustanud keskkonnahariduse edendamisse, suurendanud keskkonnateadlikkust v\u00f5i andnud oma panuse looduse heaks.<\/p>\n<p>Rohkem lugeda saab <a href=\"https:\/\/envir.ee\/uudised\/kliimaminister-kristen-michal-tunnustas-keskkonnakapa-konkursi-voitjaid?fbclid=IwAR1P9qhHyPOV328LZGJ2Z8HMS1uxSruBZkUCBrFRlaKnFyV9DKx51Tv9cjE\" target=\"_blank\" rel=\"noopener\"><strong>siin.<\/strong><\/a><\/p>\n<p><a href=\"https:\/\/www.pernova.ee\/loodusmaja\/wp-content\/uploads\/2023\/06\/DSCF7061-1.jpg\" target=\"_blank\" rel=\"noopener\"><img fetchpriority=\"high\" decoding=\"async\" class=\"aligncenter wp-image-9789 size-full\" src=\"https:\/\/www.pernova.ee\/loodusmaja\/wp-content\/uploads\/2023\/06\/DSCF7061-1.jpg\" alt=\"\" width=\"1920\" height=\"1279\" srcset=\"https:\/\/www.pernova.ee\/loodusmaja\/wp-content\/uploads\/2023\/06\/DSCF7061-1.jpg 1920w, https:\/\/www.pernova.ee\/loodusmaja\/wp-content\/uploads\/2023\/06\/DSCF7061-1-1024x682.jpg 1024w, https:\/\/www.pernova.ee\/loodusmaja\/wp-content\/uploads\/2023\/06\/DSCF7061-1-768x512.jpg 768w, https:\/\/www.pernova.ee\/loodusmaja\/wp-content\/uploads\/2023\/06\/DSCF7061-1-1536x1023.jpg 1536w, https:\/\/www.pernova.ee\/loodusmaja\/wp-content\/uploads\/2023\/06\/DSCF7061-1-600x400.jpg 600w\" sizes=\"(max-width: 1920px) 100vw, 1920px\" \/><\/a><\/p>\n<\/div>\n","protected":false},"excerpt":{"rendered":"<p>Kliimaminister Kristen Michal kuulutas v\u00e4lja keskkonnas\u00f5bralike haridustegude konkursi Keskkonnak\u00e4pp t\u00e4navused v\u00f5itjad. Tunnustuse t\u00f5i P\u00e4rnu linn kui \u00f5pikeskkond keskkonnahariduse toetajana Pernova loodusmajas. P\u00e4rnu linn kui \u00f5pikeskus ehk P\u00d5K-programm on \u00fclelinnaline huvikoolide, [&hellip;]<\/p>\n","protected":false},"author":1,"featured_media":9785,"comment_status":"open","ping_status":"open","sticky":false,"template":"","format":"standard","meta":{"ngg_post_thumbnail":0,"footnotes":""},"categories":[1],"tags":[],"class_list":["post-9793","post","type-post","status-publish","format-standard","has-post-thumbnail","hentry","category-muu"],"yoast_head":"<!-- This site is optimized with the Yoast SEO plugin v26.6 - https:\/\/yoast.com\/wordpress\/plugins\/seo\/ -->\n<title>Koost\u00f6\u00f6 Keskkonnak\u00e4pp 2023 - Pernova Loodusmaja - kogupere k&uuml;lastuskeskus P&auml;rnus<\/title>\n<meta name=\"robots\" content=\"index, follow, max-snippet:-1, max-image-preview:large, max-video-preview:-1\" \/>\n<link rel=\"canonical\" href=\"https:\/\/www.pernova.ee\/loodusmaja\/uudised\/koostoo-keskkonnakapp-2023\/\" \/>\n<meta property=\"og:locale\" content=\"et_EE\" \/>\n<meta property=\"og:type\" content=\"article\" \/>\n<meta property=\"og:title\" content=\"Koost\u00f6\u00f6 Keskkonnak\u00e4pp 2023 - Pernova Loodusmaja - kogupere k&uuml;lastuskeskus P&auml;rnus\" \/>\n<meta property=\"og:description\" content=\"Kliimaminister Kristen Michal kuulutas v\u00e4lja keskkonnas\u00f5bralike haridustegude konkursi Keskkonnak\u00e4pp t\u00e4navused v\u00f5itjad. Tunnustuse t\u00f5i P\u00e4rnu linn kui \u00f5pikeskkond keskkonnahariduse toetajana Pernova loodusmajas. P\u00e4rnu linn kui \u00f5pikeskus ehk P\u00d5K-programm on \u00fclelinnaline huvikoolide, [&hellip;]\" \/>\n<meta property=\"og:url\" content=\"https:\/\/www.pernova.ee\/loodusmaja\/uudised\/koostoo-keskkonnakapp-2023\/\" \/>\n<meta property=\"og:site_name\" content=\"Pernova Loodusmaja - kogupere k&uuml;lastuskeskus P&auml;rnus\" \/>\n<meta property=\"article:published_time\" content=\"2023-06-13T12:18:41+00:00\" \/>\n<meta property=\"article:modified_time\" content=\"2023-06-13T12:20:50+00:00\" \/>\n<meta property=\"og:image\" content=\"https:\/\/www.pernova.ee\/loodusmaja\/wp-content\/uploads\/2023\/06\/DSCF7095-1-1024x683.jpg\" \/>\n\t<meta property=\"og:image:width\" content=\"1024\" \/>\n\t<meta property=\"og:image:height\" content=\"683\" \/>\n\t<meta property=\"og:image:type\" content=\"image\/jpeg\" \/>\n<meta name=\"author\" content=\"Arendus\" \/>\n<meta name=\"twitter:card\" content=\"summary_large_image\" \/>\n<meta name=\"twitter:label1\" content=\"Written by\" \/>\n\t<meta name=\"twitter:data1\" content=\"Arendus\" \/>\n\t<meta name=\"twitter:label2\" content=\"Est. reading time\" \/>\n\t<meta name=\"twitter:data2\" content=\"2 minutit\" \/>\n<script type=\"application\/ld+json\" class=\"yoast-schema-graph\">{\"@context\":\"https:\/\/schema.org\",\"@graph\":[{\"@type\":\"Article\",\"@id\":\"https:\/\/www.pernova.ee\/loodusmaja\/uudised\/koostoo-keskkonnakapp-2023\/#article\",\"isPartOf\":{\"@id\":\"https:\/\/www.pernova.ee\/loodusmaja\/uudised\/koostoo-keskkonnakapp-2023\/\"},\"author\":{\"name\":\"Arendus\",\"@id\":\"https:\/\/www.pernova.ee\/loodusmaja\/#\/schema\/person\/8bf7e5ef67030f9d67250fefe1a8404f\"},\"headline\":\"Koost\u00f6\u00f6 Keskkonnak\u00e4pp 2023\",\"datePublished\":\"2023-06-13T12:18:41+00:00\",\"dateModified\":\"2023-06-13T12:20:50+00:00\",\"mainEntityOfPage\":{\"@id\":\"https:\/\/www.pernova.ee\/loodusmaja\/uudised\/koostoo-keskkonnakapp-2023\/\"},\"wordCount\":272,\"commentCount\":0,\"publisher\":{\"@id\":\"https:\/\/www.pernova.ee\/loodusmaja\/#organization\"},\"image\":{\"@id\":\"https:\/\/www.pernova.ee\/loodusmaja\/uudised\/koostoo-keskkonnakapp-2023\/#primaryimage\"},\"thumbnailUrl\":\"https:\/\/www.pernova.ee\/loodusmaja\/wp-content\/uploads\/2023\/06\/DSCF7095-1.jpg\",\"articleSection\":[\"Muu\"],\"inLanguage\":\"et\",\"potentialAction\":[{\"@type\":\"CommentAction\",\"name\":\"Comment\",\"target\":[\"https:\/\/www.pernova.ee\/loodusmaja\/uudised\/koostoo-keskkonnakapp-2023\/#respond\"]}]},{\"@type\":\"WebPage\",\"@id\":\"https:\/\/www.pernova.ee\/loodusmaja\/uudised\/koostoo-keskkonnakapp-2023\/\",\"url\":\"https:\/\/www.pernova.ee\/loodusmaja\/uudised\/koostoo-keskkonnakapp-2023\/\",\"name\":\"Koost\u00f6\u00f6 Keskkonnak\u00e4pp 2023 - Pernova Loodusmaja - kogupere k&uuml;lastuskeskus P&auml;rnus\",\"isPartOf\":{\"@id\":\"https:\/\/www.pernova.ee\/loodusmaja\/#website\"},\"primaryImageOfPage\":{\"@id\":\"https:\/\/www.pernova.ee\/loodusmaja\/uudised\/koostoo-keskkonnakapp-2023\/#primaryimage\"},\"image\":{\"@id\":\"https:\/\/www.pernova.ee\/loodusmaja\/uudised\/koostoo-keskkonnakapp-2023\/#primaryimage\"},\"thumbnailUrl\":\"https:\/\/www.pernova.ee\/loodusmaja\/wp-content\/uploads\/2023\/06\/DSCF7095-1.jpg\",\"datePublished\":\"2023-06-13T12:18:41+00:00\",\"dateModified\":\"2023-06-13T12:20:50+00:00\",\"breadcrumb\":{\"@id\":\"https:\/\/www.pernova.ee\/loodusmaja\/uudised\/koostoo-keskkonnakapp-2023\/#breadcrumb\"},\"inLanguage\":\"et\",\"potentialAction\":[{\"@type\":\"ReadAction\",\"target\":[\"https:\/\/www.pernova.ee\/loodusmaja\/uudised\/koostoo-keskkonnakapp-2023\/\"]}]},{\"@type\":\"ImageObject\",\"inLanguage\":\"et\",\"@id\":\"https:\/\/www.pernova.ee\/loodusmaja\/uudised\/koostoo-keskkonnakapp-2023\/#primaryimage\",\"url\":\"https:\/\/www.pernova.ee\/loodusmaja\/wp-content\/uploads\/2023\/06\/DSCF7095-1.jpg\",\"contentUrl\":\"https:\/\/www.pernova.ee\/loodusmaja\/wp-content\/uploads\/2023\/06\/DSCF7095-1.jpg\",\"width\":1920,\"height\":1280},{\"@type\":\"BreadcrumbList\",\"@id\":\"https:\/\/www.pernova.ee\/loodusmaja\/uudised\/koostoo-keskkonnakapp-2023\/#breadcrumb\",\"itemListElement\":[{\"@type\":\"ListItem\",\"position\":1,\"name\":\"Home\",\"item\":\"https:\/\/www.pernova.ee\/loodusmaja\/\"},{\"@type\":\"ListItem\",\"position\":2,\"name\":\"Koost\u00f6\u00f6 Keskkonnak\u00e4pp 2023\"}]},{\"@type\":\"WebSite\",\"@id\":\"https:\/\/www.pernova.ee\/loodusmaja\/#website\",\"url\":\"https:\/\/www.pernova.ee\/loodusmaja\/\",\"name\":\"Pernova Loodusmaja - kogupere k&uuml;lastuskeskus P&auml;rnus\",\"description\":\"Pernova Loodusmaja - Kogupere k&uuml;lastuskeskus P&auml;rnu linnas.\",\"publisher\":{\"@id\":\"https:\/\/www.pernova.ee\/loodusmaja\/#organization\"},\"potentialAction\":[{\"@type\":\"SearchAction\",\"target\":{\"@type\":\"EntryPoint\",\"urlTemplate\":\"https:\/\/www.pernova.ee\/loodusmaja\/?s={search_term_string}\"},\"query-input\":{\"@type\":\"PropertyValueSpecification\",\"valueRequired\":true,\"valueName\":\"search_term_string\"}}],\"inLanguage\":\"et\"},{\"@type\":\"Organization\",\"@id\":\"https:\/\/www.pernova.ee\/loodusmaja\/#organization\",\"name\":\"Pernova Loodusmaja - kogupere k&uuml;lastuskeskus P&auml;rnus\",\"url\":\"https:\/\/www.pernova.ee\/loodusmaja\/\",\"logo\":{\"@type\":\"ImageObject\",\"inLanguage\":\"et\",\"@id\":\"https:\/\/www.pernova.ee\/loodusmaja\/#\/schema\/logo\/image\/\",\"url\":\"https:\/\/www.pernova.ee\/loodusmaja\/wp-content\/uploads\/2020\/04\/pernova-loodusmaja-logo.png\",\"contentUrl\":\"https:\/\/www.pernova.ee\/loodusmaja\/wp-content\/uploads\/2020\/04\/pernova-loodusmaja-logo.png\",\"width\":1416,\"height\":677,\"caption\":\"Pernova Loodusmaja - kogupere k&uuml;lastuskeskus P&auml;rnus\"},\"image\":{\"@id\":\"https:\/\/www.pernova.ee\/loodusmaja\/#\/schema\/logo\/image\/\"}},{\"@type\":\"Person\",\"@id\":\"https:\/\/www.pernova.ee\/loodusmaja\/#\/schema\/person\/8bf7e5ef67030f9d67250fefe1a8404f\",\"name\":\"Arendus\",\"sameAs\":[\"https:\/\/www.pernova.ee\/loodusmaja\"],\"url\":\"https:\/\/www.pernova.ee\/loodusmaja\/uudised\/author\/arendus\/\"}]}<\/script>\n<!-- \/ Yoast SEO plugin. -->","yoast_head_json":{"title":"Koost\u00f6\u00f6 Keskkonnak\u00e4pp 2023 - Pernova Loodusmaja - kogupere k&uuml;lastuskeskus P&auml;rnus","robots":{"index":"index","follow":"follow","max-snippet":"max-snippet:-1","max-image-preview":"max-image-preview:large","max-video-preview":"max-video-preview:-1"},"canonical":"https:\/\/www.pernova.ee\/loodusmaja\/uudised\/koostoo-keskkonnakapp-2023\/","og_locale":"et_EE","og_type":"article","og_title":"Koost\u00f6\u00f6 Keskkonnak\u00e4pp 2023 - Pernova Loodusmaja - kogupere k&uuml;lastuskeskus P&auml;rnus","og_description":"Kliimaminister Kristen Michal kuulutas v\u00e4lja keskkonnas\u00f5bralike haridustegude konkursi Keskkonnak\u00e4pp t\u00e4navused v\u00f5itjad. Tunnustuse t\u00f5i P\u00e4rnu linn kui \u00f5pikeskkond keskkonnahariduse toetajana Pernova loodusmajas. P\u00e4rnu linn kui \u00f5pikeskus ehk P\u00d5K-programm on \u00fclelinnaline huvikoolide, [&hellip;]","og_url":"https:\/\/www.pernova.ee\/loodusmaja\/uudised\/koostoo-keskkonnakapp-2023\/","og_site_name":"Pernova Loodusmaja - kogupere k&uuml;lastuskeskus P&auml;rnus","article_published_time":"2023-06-13T12:18:41+00:00","article_modified_time":"2023-06-13T12:20:50+00:00","og_image":[{"width":1024,"height":683,"url":"https:\/\/www.pernova.ee\/loodusmaja\/wp-content\/uploads\/2023\/06\/DSCF7095-1-1024x683.jpg","type":"image\/jpeg"}],"author":"Arendus","twitter_card":"summary_large_image","twitter_misc":{"Written by":"Arendus","Est. reading time":"2 minutit"},"schema":{"@context":"https:\/\/schema.org","@graph":[{"@type":"Article","@id":"https:\/\/www.pernova.ee\/loodusmaja\/uudised\/koostoo-keskkonnakapp-2023\/#article","isPartOf":{"@id":"https:\/\/www.pernova.ee\/loodusmaja\/uudised\/koostoo-keskkonnakapp-2023\/"},"author":{"name":"Arendus","@id":"https:\/\/www.pernova.ee\/loodusmaja\/#\/schema\/person\/8bf7e5ef67030f9d67250fefe1a8404f"},"headline":"Koost\u00f6\u00f6 Keskkonnak\u00e4pp 2023","datePublished":"2023-06-13T12:18:41+00:00","dateModified":"2023-06-13T12:20:50+00:00","mainEntityOfPage":{"@id":"https:\/\/www.pernova.ee\/loodusmaja\/uudised\/koostoo-keskkonnakapp-2023\/"},"wordCount":272,"commentCount":0,"publisher":{"@id":"https:\/\/www.pernova.ee\/loodusmaja\/#organization"},"image":{"@id":"https:\/\/www.pernova.ee\/loodusmaja\/uudised\/koostoo-keskkonnakapp-2023\/#primaryimage"},"thumbnailUrl":"https:\/\/www.pernova.ee\/loodusmaja\/wp-content\/uploads\/2023\/06\/DSCF7095-1.jpg","articleSection":["Muu"],"inLanguage":"et","potentialAction":[{"@type":"CommentAction","name":"Comment","target":["https:\/\/www.pernova.ee\/loodusmaja\/uudised\/koostoo-keskkonnakapp-2023\/#respond"]}]},{"@type":"WebPage","@id":"https:\/\/www.pernova.ee\/loodusmaja\/uudised\/koostoo-keskkonnakapp-2023\/","url":"https:\/\/www.pernova.ee\/loodusmaja\/uudised\/koostoo-keskkonnakapp-2023\/","name":"Koost\u00f6\u00f6 Keskkonnak\u00e4pp 2023 - Pernova Loodusmaja - kogupere k&uuml;lastuskeskus P&auml;rnus","isPartOf":{"@id":"https:\/\/www.pernova.ee\/loodusmaja\/#website"},"primaryImageOfPage":{"@id":"https:\/\/www.pernova.ee\/loodusmaja\/uudised\/koostoo-keskkonnakapp-2023\/#primaryimage"},"image":{"@id":"https:\/\/www.pernova.ee\/loodusmaja\/uudised\/koostoo-keskkonnakapp-2023\/#primaryimage"},"thumbnailUrl":"https:\/\/www.pernova.ee\/loodusmaja\/wp-content\/uploads\/2023\/06\/DSCF7095-1.jpg","datePublished":"2023-06-13T12:18:41+00:00","dateModified":"2023-06-13T12:20:50+00:00","breadcrumb":{"@id":"https:\/\/www.pernova.ee\/loodusmaja\/uudised\/koostoo-keskkonnakapp-2023\/#breadcrumb"},"inLanguage":"et","potentialAction":[{"@type":"ReadAction","target":["https:\/\/www.pernova.ee\/loodusmaja\/uudised\/koostoo-keskkonnakapp-2023\/"]}]},{"@type":"ImageObject","inLanguage":"et","@id":"https:\/\/www.pernova.ee\/loodusmaja\/uudised\/koostoo-keskkonnakapp-2023\/#primaryimage","url":"https:\/\/www.pernova.ee\/loodusmaja\/wp-content\/uploads\/2023\/06\/DSCF7095-1.jpg","contentUrl":"https:\/\/www.pernova.ee\/loodusmaja\/wp-content\/uploads\/2023\/06\/DSCF7095-1.jpg","width":1920,"height":1280},{"@type":"BreadcrumbList","@id":"https:\/\/www.pernova.ee\/loodusmaja\/uudised\/koostoo-keskkonnakapp-2023\/#breadcrumb","itemListElement":[{"@type":"ListItem","position":1,"name":"Home","item":"https:\/\/www.pernova.ee\/loodusmaja\/"},{"@type":"ListItem","position":2,"name":"Koost\u00f6\u00f6 Keskkonnak\u00e4pp 2023"}]},{"@type":"WebSite","@id":"https:\/\/www.pernova.ee\/loodusmaja\/#website","url":"https:\/\/www.pernova.ee\/loodusmaja\/","name":"Pernova Loodusmaja - kogupere k&uuml;lastuskeskus P&auml;rnus","description":"Pernova Loodusmaja - Kogupere k&uuml;lastuskeskus P&auml;rnu linnas.","publisher":{"@id":"https:\/\/www.pernova.ee\/loodusmaja\/#organization"},"potentialAction":[{"@type":"SearchAction","target":{"@type":"EntryPoint","urlTemplate":"https:\/\/www.pernova.ee\/loodusmaja\/?s={search_term_string}"},"query-input":{"@type":"PropertyValueSpecification","valueRequired":true,"valueName":"search_term_string"}}],"inLanguage":"et"},{"@type":"Organization","@id":"https:\/\/www.pernova.ee\/loodusmaja\/#organization","name":"Pernova Loodusmaja - kogupere k&uuml;lastuskeskus P&auml;rnus","url":"https:\/\/www.pernova.ee\/loodusmaja\/","logo":{"@type":"ImageObject","inLanguage":"et","@id":"https:\/\/www.pernova.ee\/loodusmaja\/#\/schema\/logo\/image\/","url":"https:\/\/www.pernova.ee\/loodusmaja\/wp-content\/uploads\/2020\/04\/pernova-loodusmaja-logo.png","contentUrl":"https:\/\/www.pernova.ee\/loodusmaja\/wp-content\/uploads\/2020\/04\/pernova-loodusmaja-logo.png","width":1416,"height":677,"caption":"Pernova Loodusmaja - kogupere k&uuml;lastuskeskus P&auml;rnus"},"image":{"@id":"https:\/\/www.pernova.ee\/loodusmaja\/#\/schema\/logo\/image\/"}},{"@type":"Person","@id":"https:\/\/www.pernova.ee\/loodusmaja\/#\/schema\/person\/8bf7e5ef67030f9d67250fefe1a8404f","name":"Arendus","sameAs":["https:\/\/www.pernova.ee\/loodusmaja"],"url":"https:\/\/www.pernova.ee\/loodusmaja\/uudised\/author\/arendus\/"}]}},"_links":{"self":[{"href":"https:\/\/www.pernova.ee\/loodusmaja\/wp-json\/wp\/v2\/posts\/9793","targetHints":{"allow":["GET"]}}],"collection":[{"href":"https:\/\/www.pernova.ee\/loodusmaja\/wp-json\/wp\/v2\/posts"}],"about":[{"href":"https:\/\/www.pernova.ee\/loodusmaja\/wp-json\/wp\/v2\/types\/post"}],"author":[{"embeddable":true,"href":"https:\/\/www.pernova.ee\/loodusmaja\/wp-json\/wp\/v2\/users\/1"}],"replies":[{"embeddable":true,"href":"https:\/\/www.pernova.ee\/loodusmaja\/wp-json\/wp\/v2\/comments?post=9793"}],"version-history":[{"count":4,"href":"https:\/\/www.pernova.ee\/loodusmaja\/wp-json\/wp\/v2\/posts\/9793\/revisions"}],"predecessor-version":[{"id":9797,"href":"https:\/\/www.pernova.ee\/loodusmaja\/wp-json\/wp\/v2\/posts\/9793\/revisions\/9797"}],"wp:featuredmedia":[{"embeddable":true,"href":"https:\/\/www.pernova.ee\/loodusmaja\/wp-json\/wp\/v2\/media\/9785"}],"wp:attachment":[{"href":"https:\/\/www.pernova.ee\/loodusmaja\/wp-json\/wp\/v2\/media?parent=9793"}],"wp:term":[{"taxonomy":"category","embeddable":true,"href":"https:\/\/www.pernova.ee\/loodusmaja\/wp-json\/wp\/v2\/categories?post=9793"},{"taxonomy":"post_tag","embeddable":true,"href":"https:\/\/www.pernova.ee\/loodusmaja\/wp-json\/wp\/v2\/tags?post=9793"}],"curies":[{"name":"wp","href":"https:\/\/api.w.org\/{rel}","templated":true}]}}